{"id":9642,"date":"2021-06-25T17:50:28","date_gmt":"2021-06-25T17:50:28","guid":{"rendered":"https:\/\/www.arteenboga.com.co\/la\/?p=9642"},"modified":"2025-05-10T04:04:13","modified_gmt":"2025-05-10T04:04:13","slug":"tragedia-sistematica","status":"publish","type":"post","link":"https:\/\/www.arteenboga.com.co\/la\/tragedia-sistematica\/","title":{"rendered":"\u00abT.R.A.S. Tragedia Sistem\u00e1tica\u00bb"},"content":{"rendered":"<div class=\"wpb-content-wrapper\"><p>[vc_section][vc_row][vc_column][vc_empty_space][\/vc_column][\/vc_row][vc_row][vc_column width=\u00bb2\/3&#8243;]<style type=\"text\/css\">#ut_custom_heading69ee6d48c34f5 { font-size:30px !important; }@media (min-width: 1025px) and (max-width: 1679px) {#ut_custom_heading69ee6d48c34f5 { line-height:-1px !important;letter-spacing:-0.21em; }}@media (min-width: 768px) and (max-width: 1024px) {#ut_custom_heading69ee6d48c34f5 { line-height:-1px !important;letter-spacing:-0.21em; }}@media (max-width: 767px) {#ut_custom_heading69ee6d48c34f5 { line-height:-1px !important;letter-spacing:-0.21em; }}#ut_custom_heading69ee6d48c34f5 { text-align:center; }@media (min-width: 768px) and (max-width: 1024px) { #ut_custom_heading69ee6d48c34f5 { text-align:center; } }@media (max-width: 767px) { #ut_custom_heading69ee6d48c34f5 { text-align:center; } }<\/style><h1 id=\"ut_custom_heading69ee6d48c34f5\" data-responsive-font=\"h1\" data-responsive-font-settings=\"{&quot;base-font-size&quot;:&quot;global&quot;,&quot;font-size&quot;:{&quot;desktop_large&quot;:&quot;30&quot;},&quot;base-line-height&quot;:&quot;global&quot;,&quot;line-height&quot;:{&quot;desktop_small&quot;:&quot;-1&quot;,&quot;tablet&quot;:&quot;-1&quot;,&quot;mobile&quot;:&quot;-1&quot;},&quot;base-letter-spacing&quot;:&quot;global&quot;,&quot;letter-spacing&quot;:{&quot;desktop_small&quot;:&quot;-0.21&quot;,&quot;tablet&quot;:&quot;-0.21&quot;,&quot;mobile&quot;:&quot;-0.21&quot;}}\" class=\"ut-custom-heading-module  \" ><span class=\"\" ><a class=\"spreaker-player\" href=\"https:\/\/www.spreaker.com\/episode\/42533430\" data-resource=\"episode_id=42533430\" data-width=\"800px\" data-height=\"200px\" data-theme=\"light\" data-playlist=\"false\" data-playlist-continuous=\"false\" data-chapters-image=\"false\" data-episode-image-position=\"left\" data-hide-logo=\"false\" data-hide-likes=\"false\" data-hide-comments=\"false\" data-hide-sharing=\"false\" data-hide-download=\"true\" data-cover=\"https%3A%2F%2Fd3wo5wojvuv7l.cloudfront.net%2Fimages.spreaker.com%2Foriginal%2F280d27a0da349effce20de90e66f6248.jpg\">Listen to \u00abPodcast con Jennifer Medici de T.R.A.S\u00bb on Spreaker.<\/a><\/p>\n<p><script async src=\"https:\/\/widget.spreaker.com\/widgets.js\"><\/script><\/span><\/h1><style type=\"text\/css\">#ut_custom_heading69ee6d48c7fc6 { color:#28b1bd; }#ut_custom_heading69ee6d48c7fc6 { font-family: \"Poppins\";font-weight:500;font-style:normal; }#ut_custom_heading69ee6d48c7fc6 { font-size:22px !important; }#ut_custom_heading69ee6d48c7fc6 { font-style:normal; }#ut_custom_heading69ee6d48c7fc6 { text-align:right; }@media (min-width: 768px) and (max-width: 1024px) { #ut_custom_heading69ee6d48c7fc6 { text-align:right; } }@media (max-width: 767px) { #ut_custom_heading69ee6d48c7fc6 { text-align:right; } }<\/style><h2 id=\"ut_custom_heading69ee6d48c7fc6\" data-responsive-font=\"h2\" data-responsive-font-settings=\"{&quot;base-font-size&quot;:&quot;22&quot;,&quot;font-size-unit&quot;:&quot;px&quot;,&quot;font-size&quot;:{&quot;desktop_large&quot;:&quot;22&quot;},&quot;base-line-height&quot;:&quot;global&quot;,&quot;base-letter-spacing&quot;:&quot;global&quot;}\" class=\"ut-custom-heading-module  \" ><span class=\"\" >Jeniffer Medici, productora esc\u00e9nica y visual radicada en Londres realiz\u00f3 una instalaci\u00f3n art\u00edstica como memoria particular y colectiva, en torno a los asesinatos sistem\u00e1ticos de l\u00edderes sociales en Colombia, en ella cuestiona el papel de la imagen en los medios masivos y la saturaci\u00f3n que estos generan en el espectador.<\/span><\/h2>[vc_separator color=\u00bbpurple\u00bb style=\u00bbdouble\u00bb border_width=\u00bb2&#8243; css_animation=\u00bbnone\u00bb][\/vc_column][vc_column width=\u00bb1\/3&#8243;]<div  class=\"wpb_content_element   clearfix\"><style type=\"text\/css\">#ut_am_69ee6d48c8363 { opacity: 1; }#ut_am_wrap_69ee6d48c8365 .ut-image-gallery-item-caption-title h3 { color: #25ede6; }#ut_am_wrap_69ee6d48c8365 .ut-image-gallery-item-caption-title-style-2 h3 { color: #25ede6; }#ut_am_wrap_69ee6d48c8365 .ut-image-gallery-item.ut-animation-done:hover .ut-image-gallery-image-caption, #ut_am_wrap_69ee6d48c8365 .ut-image-gallery-item.ut-element-is-animating:hover .ut-image-gallery-image-caption { background: #000000; }#ut_am_wrap_69ee6d48c8365 .ut-image-gallery-item .ut-image-gallery-image-caption-style-2 { background: #000000; }#ut_am_wrap_69ee6d48c8365 .ut-animated-image-zoom::after { background: url(https:\/\/www.arteenboga.com.co\/la\/wp-content\/uploads\/2021\/06\/jeniffer.jpg); }#ut_am_wrap_69ee6d48c8365 .ut-image-gallery-item-caption-title-style-2 h3 { font-weight: normal; }#ut_am_wrap_69ee6d48c8365 .ut-image-gallery-item-caption-title-style-2 h3 { letter-spacing: -0.03em; }#ut_am_wrap_69ee6d48c8365 .ut-image-gallery-item-caption-title-style-2 h3 { font-size: 20; }#ut_am_wrap_69ee6d48c8365 .ut-gallery-slider-caption { color: #1fc6b6; }#ut_am_wrap_69ee6d48c8365 .ut-gallery-slider-caption { font-weight: bold; }#ut_am_wrap_69ee6d48c8365 { text-align: center; }@media (min-width: 768px) and (max-width: 1024px) { #ut_am_wrap_69ee6d48c8365 { text-align: center !important; } }@media (max-width: 767px) { #ut_am_wrap_69ee6d48c8365 { text-align: center !important; } }<\/style><div id=\"ut_am_wrap_69ee6d48c8365\" class=\"ut-image-gallery-image \"><div id=\"ut_reveal_69ee6d48c8366\"  data-appear-top-offset=\"auto\" class=\"ut-animated-image-item ut-image-gallery-item ut-animation-done \"><a class=\"ut-deactivated-link\" href=\"#\"><div class=\"ut-animated-image-zoom\"><img loading=\"lazy\" decoding=\"async\" class=\"ut-lazy skip-lazy ut-animated-image \" title=\"jeniffer\" id=\"ut_am_69ee6d48c8363\" src=\"data:image\/svg+xml;charset=utf-8,%3Csvg xmlns%3D'http%3A%2F%2Fwww.w3.org%2F2000%2Fsvg' viewBox%3D'0 0 300 380'%2F%3E\" data-src=\"https:\/\/www.arteenboga.com.co\/la\/wp-content\/uploads\/2021\/06\/jeniffer.jpg\" width=\"300\" height=\"380\" alt=\"\"\/><\/div><div data-image-caption class=\"ut-image-gallery-image-caption-style-2\"><div class=\"ut-image-gallery-item-caption-title-style-2\"><h3>Jeniffer Medici<br \/><small>S\u00edguela en:<\/small><\/h3><\/div><\/div><\/a><\/div><\/div><\/div><div class=\"wpb_content_element \"><style class=\"bklyn-inline-styles\" type=\"text\/css\">#ut_sf_69ee6d48c83f4 { font-size: 40px; }<\/style><ul id=\"ut_sf_69ee6d48c83f4\" class=\"ut-social-follow-module  ut-social-follow-module-center ut-social-follow-module-tablet-center ut-social-follow-module-mobile-center ut-social-follow-module-20\" data-settings=\"{&quot;animate&quot;:false,&quot;effect&quot;:&quot;&quot;,&quot;delay_animation&quot;:false,&quot;global_delay_animation&quot;:false,&quot;delay_timer&quot;:100,&quot;global_delay_timer&quot;:100}\"><li  class=\"ut-social-follow-0 ut-social-follow-icon-only \"><a class=\"ut-social-follow-link\" title=\"Facebook\" href=\"https:\/\/www.facebook.com\/jeniffer.medici\" area-label=\"fa facebook-square\" target=\"_blank\" ><i class=\"fa fa-facebook-square\"><\/i><\/a><\/li><li  class=\"ut-social-follow-1 ut-social-follow-icon-only \"><a class=\"ut-social-follow-link\" title=\"Instagram\" href=\"https:\/\/www.instagram.com\/jeniffermedici\/?hl=es-la\" area-label=\"fa instagram\" target=\"_blank\" ><i class=\"fa fa-instagram\"><\/i><\/a><\/li><li  class=\"ut-social-follow-2 ut-social-follow-icon-only \"><a class=\"ut-social-follow-link\" title=\"\" href=\"https:\/\/www.behance.net\/JenifferCSG?fbclid=IwAR31JRFbHk_bnYdLyhi8ekNuXjfQvdh6u00cGRgZtIy_03xIPxiL0U5AFZE\" area-label=\"fa globe\" target=\"_blank\" ><i class=\"fa fa-globe\"><\/i><\/a><\/li><\/ul><\/div>[\/vc_column][\/vc_row][vc_row][vc_column offset=\u00bbvc_col-lg-offset-0&#8243;]<div id=\"ut_oms_69ee6d48c8474\" class=\"wpb_content_element \"><style type=\"text\/css\"> #ut_oms_69ee6d48c8474 .ut-gallery-slider-caption-wrap::before { content: \"\"; }<\/style><div class=\"ut-owl-gallery-slider-wrap ut-owl-gallery-slider-style-two\"><div id=\"ut_ms_69ee6d48c8473\" class=\"ut-owl-gallery-slider owl-carousel owl-theme  ut-owl-carousel\" data-settings=\"{&quot;items&quot;:&quot;2&quot;,&quot;lazyLoad&quot;:true,&quot;smartSpeed&quot;:600,&quot;animateIn&quot;:false,&quot;animateOut&quot;:false,&quot;autoplay&quot;:true,&quot;autoplayHoverPause&quot;:true,&quot;autoplayTimeout&quot;:&quot;2000&quot;,&quot;loop&quot;:true,&quot;nav&quot;:false,&quot;dots&quot;:false,&quot;responsiveClass&quot;:true,&quot;responsive&quot;:{&quot;0&quot;:{&quot;items&quot;:1},&quot;768&quot;:{&quot;items&quot;:1},&quot;1025&quot;:{&quot;items&quot;:&quot;2&quot;}},&quot;lightbox&quot;:&quot;yes&quot;}\"><div><figure class=\"ut-gallery-slider-caption-wrap\"><a data-title=\"Disen\u0303o-de-luces-Instalacio\u0301n-T.R.A.S\" data-caption=\"\" data-caption-color=\"\" data-caption-background=\"\" data-trigger-id=\"ut-lightbox-trigger-9677\" data-exthumbimage=\"https:\/\/www.arteenboga.com.co\/la\/wp-content\/uploads\/2021\/06\/Disen\u0303o-de-luces-Instalacio\u0301n-T.R.A.S-200x200.jpg\" href=\"https:\/\/www.arteenboga.com.co\/la\/wp-content\/uploads\/2021\/06\/Disen\u0303o-de-luces-Instalacio\u0301n-T.R.A.S.jpg\" class=\"for-lightbox ut-slider-maximize\"><i class=\"Bklyn-Core-Maximize-3\"><\/i><\/a><img class=\"item owl-lazy\"  data-src=\"https:\/\/www.arteenboga.com.co\/la\/wp-content\/uploads\/2021\/06\/Disen\u0303o-de-luces-Instalacio\u0301n-T.R.A.S.jpg\" \/><\/figure><\/div><div><figure class=\"ut-gallery-slider-caption-wrap\"><a data-title=\"Interaccio\u0301n-con-el-pu\u0301blico-transmedia\" data-caption=\"\" data-caption-color=\"\" data-caption-background=\"\" data-trigger-id=\"ut-lightbox-trigger-9682\" data-exthumbimage=\"https:\/\/www.arteenboga.com.co\/la\/wp-content\/uploads\/2021\/06\/Interaccio\u0301n-con-el-pu\u0301blico-transmedia-200x200.jpg\" href=\"https:\/\/www.arteenboga.com.co\/la\/wp-content\/uploads\/2021\/06\/Interaccio\u0301n-con-el-pu\u0301blico-transmedia.jpg\" class=\"for-lightbox ut-slider-maximize\"><i class=\"Bklyn-Core-Maximize-3\"><\/i><\/a><img class=\"item owl-lazy\"  data-src=\"https:\/\/www.arteenboga.com.co\/la\/wp-content\/uploads\/2021\/06\/Interaccio\u0301n-con-el-pu\u0301blico-transmedia.jpg\" \/><\/figure><\/div><div><figure class=\"ut-gallery-slider-caption-wrap\"><a data-title=\"Co\u0301digo-QR-Lideresa\" data-caption=\"\" data-caption-color=\"\" data-caption-background=\"\" data-trigger-id=\"ut-lightbox-trigger-9689\" data-exthumbimage=\"https:\/\/www.arteenboga.com.co\/la\/wp-content\/uploads\/2021\/06\/Co\u0301digo-QR-Lideresa-200x200.jpg\" href=\"https:\/\/www.arteenboga.com.co\/la\/wp-content\/uploads\/2021\/06\/Co\u0301digo-QR-Lideresa.jpg\" class=\"for-lightbox ut-slider-maximize\"><i class=\"Bklyn-Core-Maximize-3\"><\/i><\/a><img class=\"item owl-lazy\"  data-src=\"https:\/\/www.arteenboga.com.co\/la\/wp-content\/uploads\/2021\/06\/Co\u0301digo-QR-Lideresa.jpg\" \/><\/figure><\/div><div><figure class=\"ut-gallery-slider-caption-wrap\"><a data-title=\"Siluetas-lideres\" data-caption=\"\" data-caption-color=\"\" data-caption-background=\"\" data-trigger-id=\"ut-lightbox-trigger-9692\" data-exthumbimage=\"https:\/\/www.arteenboga.com.co\/la\/wp-content\/uploads\/2021\/06\/Siluetas-lideres-200x200.jpg\" href=\"https:\/\/www.arteenboga.com.co\/la\/wp-content\/uploads\/2021\/06\/Siluetas-lideres.jpg\" class=\"for-lightbox ut-slider-maximize\"><i class=\"Bklyn-Core-Maximize-3\"><\/i><\/a><img class=\"item owl-lazy\"  data-src=\"https:\/\/www.arteenboga.com.co\/la\/wp-content\/uploads\/2021\/06\/Siluetas-lideres.jpg\" \/><\/figure><\/div><div><figure class=\"ut-gallery-slider-caption-wrap\"><a data-title=\"Interaccio\u0301n-con-el-pu\u0301blico-tras\" data-caption=\"\" data-caption-color=\"\" data-caption-background=\"\" data-trigger-id=\"ut-lightbox-trigger-9690\" data-exthumbimage=\"https:\/\/www.arteenboga.com.co\/la\/wp-content\/uploads\/2021\/06\/Interaccio\u0301n-con-el-pu\u0301blico-tras-200x200.jpg\" href=\"https:\/\/www.arteenboga.com.co\/la\/wp-content\/uploads\/2021\/06\/Interaccio\u0301n-con-el-pu\u0301blico-tras.jpg\" class=\"for-lightbox ut-slider-maximize\"><i class=\"Bklyn-Core-Maximize-3\"><\/i><\/a><img class=\"item owl-lazy\"  data-src=\"https:\/\/www.arteenboga.com.co\/la\/wp-content\/uploads\/2021\/06\/Interaccio\u0301n-con-el-pu\u0301blico-tras.jpg\" \/><\/figure><\/div><div><figure class=\"ut-gallery-slider-caption-wrap\"><a data-title=\"caja-de-luz-TRAS\" data-caption=\"\" data-caption-color=\"\" data-caption-background=\"\" data-trigger-id=\"ut-lightbox-trigger-9693\" data-exthumbimage=\"https:\/\/www.arteenboga.com.co\/la\/wp-content\/uploads\/2021\/06\/caja-de-luz-TRAS-200x200.jpg\" href=\"https:\/\/www.arteenboga.com.co\/la\/wp-content\/uploads\/2021\/06\/caja-de-luz-TRAS.jpg\" class=\"for-lightbox ut-slider-maximize\"><i class=\"Bklyn-Core-Maximize-3\"><\/i><\/a><img class=\"item owl-lazy\"  data-src=\"https:\/\/www.arteenboga.com.co\/la\/wp-content\/uploads\/2021\/06\/caja-de-luz-TRAS.jpg\" \/><\/figure><\/div><div><figure class=\"ut-gallery-slider-caption-wrap\"><a data-title=\"Montaje-de-la-instalacio\u0301n-TRAS\" data-caption=\"\" data-caption-color=\"\" data-caption-background=\"\" data-trigger-id=\"ut-lightbox-trigger-9688\" data-exthumbimage=\"https:\/\/www.arteenboga.com.co\/la\/wp-content\/uploads\/2021\/06\/Montaje-de-la-instalacio\u0301n-TRAS-200x200.jpg\" href=\"https:\/\/www.arteenboga.com.co\/la\/wp-content\/uploads\/2021\/06\/Montaje-de-la-instalacio\u0301n-TRAS.jpg\" class=\"for-lightbox ut-slider-maximize\"><i class=\"Bklyn-Core-Maximize-3\"><\/i><\/a><img class=\"item owl-lazy\"  data-src=\"https:\/\/www.arteenboga.com.co\/la\/wp-content\/uploads\/2021\/06\/Montaje-de-la-instalacio\u0301n-TRAS.jpg\" \/><\/figure><\/div><\/div><a href=\"#\" data-for=\"ut_ms_69ee6d48c8473\" class=\"ut-prev-gallery-slide \"><i class=\"Bklyn-Core-Left-2\"><\/i><\/a><a href=\"#\" data-for=\"ut_ms_69ee6d48c8473\" class=\"ut-next-gallery-slide \"><i class=\"Bklyn-Core-Right-2\"><\/i><\/a><\/div><\/div>[\/vc_column][\/vc_row][vc_row][vc_column offset=\u00bbvc_col-lg-offset-2 vc_col-lg-8&#8243;][vc_column_text]<\/p>\n<h2><strong>Tragedia Sistem\u00e1tica:<\/strong><\/h2>\n<p>La historia de la Violencia en Colombia data desde 1948 hasta la actualidad. La \u00e9poca de la Violencia y el surgimiento de las guerrillas en los an\u0303os 60\u2019s han dado origen al Conflicto Armado Colombiano. Cuando hablamos de violencia en el pa\u00eds, nos referimos a un sin n\u00famero de s\u00edntomas asociados al conflicto, entre ellos aparece el desplazamiento forzado, los cinturones de miseria, el asesinato a l\u00edderes comunitarios y todos los efectos colaterales que puede generar en el cuerpo social una guerra end\u00e9mica como la nuestra. A partir de los an\u0303os 90\u2019s los artistas colombianos se ven altamente influenciados en sus discursos por estas problem\u00e1ticas y reconfiguran a trav\u00e9s de sus obras espacios de reflexi\u00f3n y cr\u00edtica.<\/p>\n<p>La instalaci\u00f3n art\u00edstica T.R.A.S. retoma esas narrativas disruptivas para abordar estas problem\u00e1ticas que siguen vigentes en nuestro pa\u00eds. Este proyecto se mueve entre los l\u00edmites del arte y el dise\u00f1o, configurando a trav\u00e9s de un espacio tridimensional una instalaci\u00f3n que, desde diferentes dispositivos pretende comunicar y generar una acci\u00f3n de memoria, acerca de la violencia sistem\u00e1tica que siguen viviendo los l\u00edderes sociales en este pa\u00eds y de esta manera cuestionar el papel cumplen los medios de comunicaci\u00f3n en la homogeneizaci\u00f3n de la identidad de dichas v\u00edctimas.<\/p>\n<p>En esta oportunidad, la instalaci\u00f3n pretendi\u00f3 sensibilizar acerca del caso de Diana Patricia Mej\u00eda; l\u00edder, docente y madre comunitaria del barrio Candelaria La Nueva (Ciudad Bol\u00edvar), asesinada el 3 de febrero de 2018 en la ciudad de Bogot\u00e1 por agentes desconocidos. La interacci\u00f3n del espectador con la pieza intentaba generar a partir de im\u00e1genes on\u00edricas y situaciones indecisas una mirada singular sobre los hechos, abocando al espectador a crear su propia dramaturgia.<\/p>\n<p>En el contexto colombiano la prolongada exposici\u00f3n a los hechos violentos, ha generado una saturaci\u00f3n de las im\u00e1genes de muerte, es por esta raz\u00f3n que los artistas buscan devolverle a la imagen su capacidad de irrumpir y trastocar:\u00a0<em>\u201cLa tarea del arte consiste entonces en jugar con la ambig\u00fcedad de las semejanzas y de la inestabilidad de las diferencias, operar una redisposici\u00f3n local, un ordenamiento singular de las im\u00e1genes en circulaci\u00f3n \u2026 se trata de despertar a los objetos de uso adormecidos, o las im\u00e1genes indiferentes de la circulaci\u00f3n medi\u00e1tica para suscitar el poder de las marcas de la historia com\u00fan que encierran\u201d.<\/em>\u00a0(Rancie\u0300re, 2011).<\/p>\n<p>Jeniffer a partir del uso de la transmedia en su instalaci\u00f3n, pretende jugar con las narrativas que circulan en los medios masivos y de esta manera intercambiar los lugares entre el p\u00fablico, las v\u00edctimas y los victimarios.\u00a0<em>\u201cA partir de mi investigaci\u00f3n, Nicol\u00e1s Aguilar Forero, es profesor de los Andes y \u00e9l habla de la aceptaci\u00f3n y normalizaci\u00f3n en este tipo de sucesos y donde los medios de comunicaci\u00f3n lo que hacen es llenarte de ese tipo de informaci\u00f3n que, a la final, lo omites\u2026 y limita la visualizaci\u00f3n de cada persona que han matado,\u201d<\/em>\u00a0comenta Jeniffer.[\/vc_column_text][vc_separator color=\u00bbcustom\u00bb accent_color=\u00bb#dddddd\u00bb]<style type=\"text\/css\">#ut_custom_heading69ee6d48cbe88 { font-family: \"Poppins\";font-weight:400;font-style:normal; }#ut_custom_heading69ee6d48cbe88 { font-size:17px !important;line-height:24px !important; }#ut_custom_heading69ee6d48cbe88 { font-style:normal; }#ut_custom_heading69ee6d48cbe88 { text-align:center; }@media (min-width: 768px) and (max-width: 1024px) { #ut_custom_heading69ee6d48cbe88 { text-align:center; } }@media (max-width: 767px) { #ut_custom_heading69ee6d48cbe88 { text-align:center; } }#ut_custom_heading69ee6d48cbe88 { text-transform:none; }<\/style><h2 id=\"ut_custom_heading69ee6d48cbe88\" data-responsive-font=\"h2\" data-responsive-font-settings=\"{&quot;base-font-size&quot;:&quot;17&quot;,&quot;font-size-unit&quot;:&quot;px&quot;,&quot;font-size&quot;:{&quot;desktop_large&quot;:&quot;17&quot;},&quot;base-line-height&quot;:&quot;24&quot;,&quot;line-height-unit&quot;:&quot;px&quot;,&quot;line-height&quot;:{&quot;desktop_large&quot;:&quot;24&quot;},&quot;base-letter-spacing&quot;:&quot;global&quot;}\" class=\"ut-custom-heading-module  \" ><span class=\"\" >\u201cA partir de mi investigaci\u00f3n, Nicol\u00e1s Aguilar Forero, es profesor de los Andes y \u00e9l habla de la aceptaci\u00f3n y normalizaci\u00f3n en este tipo de sucesos y donde los medios de comunicaci\u00f3n lo que hacen es llenarte de ese tipo de informaci\u00f3n que, a la final, lo omites\u2026 y limita la visualizaci\u00f3n de cada persona que han matado.\u201d<\/span><\/h2>[\/vc_column][\/vc_row][vc_row][vc_column offset=\u00bbvc_col-lg-offset-0&#8243;]<div class=\"wpb_content_element   clearfix\"><style type=\"text\/css\">#ut_ig_69ee6d48cbf09 .ut-lazy:not(.ut-image-loaded) + .ut-video-module-loading { display:block; }#ut_ig_69ee6d48cbf09 .ut-lazy.ut-image-loaded + .ut-video-module-loading { display:none; }#ut_ig_69ee6d48cbf09 .ut-animate-gallery-element { opacity: 0; }#ut_ig_69ee6d48cbf09 .ut-image-gallery-item-caption-title h3 { text-transform: capitalize; }#ut_ig_69ee6d48cbf09 .ut-image-gallery-item-caption-title h3 { font-weight: normal; }#ut_ig_69ee6d48cbf09 .ut-gallery-slider-caption { font-weight: bold; }<\/style><div id=\"ut_ig_69ee6d48cbf09\" class=\"ut-image-gallery ut-image-gallery-module  clearfix\" data-settings=\"{&quot;animate&quot;:true,&quot;effect&quot;:&quot;slideInLeft&quot;,&quot;lazy&quot;:true,&quot;delay_animation&quot;:true,&quot;global_delay_animation&quot;:false,&quot;delay_timer&quot;:&quot;500&quot;,&quot;global_delay_timer&quot;:100}\" ><div data-effect=\"slideInLeft\" data-animateonce=\"yes\" data-count=\"2\" class=\"ut-image-gallery-item ut-animate-gallery-element animated  grid-50 tablet-grid-50 mobile-grid-100\"><a  class=\"ut-vc-images-lightbox ut-vc-images-lightbox-group-image\"  data-exthumbimage=\"https:\/\/www.arteenboga.com.co\/la\/wp-content\/uploads\/2021\/06\/caja-de-luz-y-cabezas-de-lamento-200x200.jpg\" href=\"https:\/\/www.arteenboga.com.co\/la\/wp-content\/uploads\/2021\/06\/caja-de-luz-y-cabezas-de-lamento.jpg\" data-title=\"caja-de-luz-y-cabezas-de-lamento\" data-caption=\"\" data-caption-color=\"\" data-caption-background=\"\"><div class=\"ut-image-gallery-image\" ><img loading=\"lazy\" decoding=\"async\"  class=\" ut-lazy skip-lazy\" src=\"data:image\/svg+xml;charset=utf-8,%3Csvg xmlns%3D'http%3A%2F%2Fwww.w3.org%2F2000%2Fsvg' viewBox%3D'0 0 1600 900'%2F%3E\" data-src=\"https:\/\/www.arteenboga.com.co\/la\/wp-content\/uploads\/2021\/06\/caja-de-luz-y-cabezas-de-lamento.jpg\" width=\"1600\" height=\"900\"><div class=\"ut-image-gallery-image-caption\"><div class=\"ut-image-gallery-item-caption-title\"><h3>Recorrido \/ Instalaci\u00f3n<\/h3><\/div><\/div><\/div><\/a><\/div><div data-effect=\"slideInLeft\" data-animateonce=\"yes\" data-count=\"2\" class=\"ut-image-gallery-item ut-animate-gallery-element animated   grid-50 tablet-grid-50 mobile-grid-100\"><a  class=\"ut-vc-images-lightbox ut-vc-images-lightbox-group-image\"  data-exthumbimage=\"https:\/\/www.arteenboga.com.co\/la\/wp-content\/uploads\/2021\/06\/Interaccio\u0301n-pu\u0301blico-TRAS-200x200.jpg\" href=\"https:\/\/www.arteenboga.com.co\/la\/wp-content\/uploads\/2021\/06\/Interaccio\u0301n-pu\u0301blico-TRAS.jpg\" data-title=\"Interaccio\u0301n-pu\u0301blico-TRAS\" data-caption=\"\" data-caption-color=\"\" data-caption-background=\"\"><div class=\"ut-image-gallery-image\" ><img loading=\"lazy\" decoding=\"async\"  class=\" ut-lazy skip-lazy\" src=\"data:image\/svg+xml;charset=utf-8,%3Csvg xmlns%3D'http%3A%2F%2Fwww.w3.org%2F2000%2Fsvg' viewBox%3D'0 0 1600 900'%2F%3E\" data-src=\"https:\/\/www.arteenboga.com.co\/la\/wp-content\/uploads\/2021\/06\/Interaccio\u0301n-pu\u0301blico-TRAS.jpg\" width=\"1600\" height=\"900\"><div class=\"ut-image-gallery-image-caption\"><div class=\"ut-image-gallery-item-caption-title\"><h3>Recorrido \/ Instalaci\u00f3n<\/h3><\/div><\/div><\/div><\/a><\/div><div class=\"ut-image-gallery-sizer\"><\/div><div class=\"clear\"><\/div><\/div><\/div>[\/vc_column][\/vc_row][vc_row][vc_column offset=\u00bbvc_col-lg-offset-2 vc_col-lg-8&#8243;][vc_column_text]<\/p>\n<h2>El recorrido:<\/h2>\n<p>La instalaci\u00f3n se compone de tres espacios de interacci\u00f3n. Uno de ellos dedicado a la lideresa asesinada Diana Patricia Mej\u00eda, en donde por medio de una p\u00e1gina web se le realiza un homenaje a su labor social y recapitula pensamientos en torno a su visi\u00f3n sobre la educaci\u00f3n. Este sitio est\u00e1 en internet y dentro de la instalaci\u00f3n se puede acceder por medio de un c\u00f3digo QR o desde un computador que hace parte del recorrido.<\/p>\n<p>Otro de los espacios es la composici\u00f3n de una serie de cabezas de lamento, que evoca los familiares de las v\u00edctimas desaparecidas y los duelos que all\u00ed prevalecen.<\/p>\n<p>Continuamos el recorrido y nos encontramos con las siluetas de los l\u00edderes, en esa oportunidad se construyeron 120 siluetas, una por cada uno de los l\u00edderes asesinados en ese tiempo, teniendo en cuenta que esta instalaci\u00f3n se estren\u00f3 en el a\u00f1o 2018. En cada una de ellas aparece una inscripci\u00f3n sobre los nombres de cada v\u00edctima, la ocupaci\u00f3n que ten\u00eda en ese momento, el lugar y fecha de nacimiento y si se conoce; el actor del conflicto al que le adjudican dicho asesinato.<\/p>\n<p>Toda esa informaci\u00f3n es el resultado de una investigaci\u00f3n documental encontrada en la p\u00e1gina de Indepaz, en un informe de derechos humanos sobre la situaci\u00f3n de los l\u00edderes sociales en Colombia. De esta manera Jeniffer pretende darle un nombre a esos n\u00fameros que aparecen en los registros y que no tienen una circulaci\u00f3n medi\u00e1tica.<\/p>\n<p>La saturaci\u00f3n de las im\u00e1genes violentas, la podemos encontrar en la parte final de la instalaci\u00f3n, donde nos encontramos con una caja-televisor que proyecta en diferentes ritmos im\u00e1genes mediatizadas, acompa\u00f1adas de un noise de noticias que envuelven el espacio.[\/vc_column_text][\/vc_column][\/vc_row][vc_row][vc_column offset=\u00bbvc_col-lg-offset-0&#8243;]<div class=\"wpb_content_element   clearfix\"><style type=\"text\/css\">#ut_ig_69ee6d48cced7 .ut-lazy:not(.ut-image-loaded) + .ut-video-module-loading { display:block; }#ut_ig_69ee6d48cced7 .ut-lazy.ut-image-loaded + .ut-video-module-loading { display:none; }#ut_ig_69ee6d48cced7 .ut-animate-gallery-element { opacity: 0; }#ut_ig_69ee6d48cced7 .ut-image-gallery-item-caption-title h3 { text-transform: capitalize; }#ut_ig_69ee6d48cced7 .ut-image-gallery-item-caption-title h3 { font-weight: normal; }#ut_ig_69ee6d48cced7 .ut-gallery-slider-caption { font-weight: bold; }<\/style><div id=\"ut_ig_69ee6d48cced7\" class=\"ut-image-gallery ut-image-gallery-module  clearfix\" data-settings=\"{&quot;animate&quot;:true,&quot;effect&quot;:&quot;slideInRight&quot;,&quot;lazy&quot;:true,&quot;delay_animation&quot;:true,&quot;global_delay_animation&quot;:false,&quot;delay_timer&quot;:&quot;500&quot;,&quot;global_delay_timer&quot;:100}\" ><div data-effect=\"slideInRight\" data-animateonce=\"yes\" data-count=\"2\" class=\"ut-image-gallery-item ut-animate-gallery-element animated  grid-50 tablet-grid-50 mobile-grid-100\"><a  class=\"ut-vc-images-lightbox ut-vc-images-lightbox-group-image\"  data-exthumbimage=\"https:\/\/www.arteenboga.com.co\/la\/wp-content\/uploads\/2021\/06\/Montaje-de-la-instalacio\u0301n-collage-200x200.jpg\" href=\"https:\/\/www.arteenboga.com.co\/la\/wp-content\/uploads\/2021\/06\/Montaje-de-la-instalacio\u0301n-collage.jpg\" data-title=\"Montaje-de-la-instalacio\u0301n-collage\" data-caption=\"\" data-caption-color=\"\" data-caption-background=\"\"><div class=\"ut-image-gallery-image\" ><img loading=\"lazy\" decoding=\"async\"  class=\" ut-lazy skip-lazy\" src=\"data:image\/svg+xml;charset=utf-8,%3Csvg xmlns%3D'http%3A%2F%2Fwww.w3.org%2F2000%2Fsvg' viewBox%3D'0 0 1600 900'%2F%3E\" data-src=\"https:\/\/www.arteenboga.com.co\/la\/wp-content\/uploads\/2021\/06\/Montaje-de-la-instalacio\u0301n-collage.jpg\" width=\"1600\" height=\"900\"><div class=\"ut-image-gallery-image-caption\"><div class=\"ut-image-gallery-item-caption-title\"><h3>Montaje de la Instalaci\u00f3n<\/h3><\/div><\/div><\/div><\/a><\/div><div data-effect=\"slideInRight\" data-animateonce=\"yes\" data-count=\"2\" class=\"ut-image-gallery-item ut-animate-gallery-element animated   grid-50 tablet-grid-50 mobile-grid-100\"><a  class=\"ut-vc-images-lightbox ut-vc-images-lightbox-group-image\"  data-exthumbimage=\"https:\/\/www.arteenboga.com.co\/la\/wp-content\/uploads\/2021\/06\/Diana-Mejia-lideresa-QR-200x200.jpg\" href=\"https:\/\/www.arteenboga.com.co\/la\/wp-content\/uploads\/2021\/06\/Diana-Mejia-lideresa-QR.jpg\" data-title=\"Diana-Mejia-lideresa-QR\" data-caption=\"\" data-caption-color=\"\" data-caption-background=\"\"><div class=\"ut-image-gallery-image\" ><img loading=\"lazy\" decoding=\"async\"  class=\" ut-lazy skip-lazy\" src=\"data:image\/svg+xml;charset=utf-8,%3Csvg xmlns%3D'http%3A%2F%2Fwww.w3.org%2F2000%2Fsvg' viewBox%3D'0 0 1600 900'%2F%3E\" data-src=\"https:\/\/www.arteenboga.com.co\/la\/wp-content\/uploads\/2021\/06\/Diana-Mejia-lideresa-QR.jpg\" width=\"1600\" height=\"900\"><div class=\"ut-image-gallery-image-caption\"><div class=\"ut-image-gallery-item-caption-title\"><h3>Montaje de la Instalaci\u00f3n<\/h3><\/div><\/div><\/div><\/a><\/div><div class=\"ut-image-gallery-sizer\"><\/div><div class=\"clear\"><\/div><\/div><\/div>[\/vc_column][\/vc_row][vc_row][vc_column offset=\u00bbvc_col-lg-offset-2 vc_col-lg-8&#8243;][vc_column_text]<\/p>\n<h2>Diana Patricia Mej\u00eda:<\/h2>\n<p>Jeniffer escoge hablar de este caso en particular, ya que para la \u00e9poca en que se construy\u00f3 la instalaci\u00f3n, Diana Patricia fue la primera lideresa asesinada en Bogot\u00e1 y con la que se identific\u00f3 de manera inmediata;\u00a0<em>\u201cMe identifique con ella, porque era la \u00fanica mujer que en ese momento hab\u00edan matado en Bogot\u00e1, y tambi\u00e9n por su historia, porque era una profesora, madre comunitaria, realmente era alguien como cualquiera de nosotros.\u201d\u00a0<\/em><\/p>\n<p>Y es que no estamos lejos de ser uno de esos l\u00edderes, ya que para este momento se han triplicado las cifras y siguen aumentando bajo la mirada c\u00f3mplice de los agentes del estado.<\/p>\n<p>Este tipo de creaciones art\u00edsticas se hacen necesarias para irrumpir y poner en circulaci\u00f3n, todos los hechos de violencia que se perpet\u00faan en el pa\u00eds y sobre los que hay que construir otros puntos de vista, ofreciendo distintas narrativas que permitan descentralizar los discursos e interpelar las miradas.<\/p>\n<p>Esperemos que pronto pueda llevarse a cabo una nueva versi\u00f3n de T.R.A.S en Londres como una voz que no se pudo acallar, como un grito de libertad sobre nuestras propias tragedias.<\/p>\n<p><strong>FICHA T\u00c9CNICA \/<\/strong>\u00a0T\u00edtulo: \u201cTragedia Sistem\u00e1tica. Una instalaci\u00f3n como acci\u00f3n de memoria particular y colectiva\u201d Dise\u00f1o, producci\u00f3n e investigaci\u00f3n art\u00edstica: Jeniffer Medici Formato: Instalaci\u00f3n art\u00edstica Pa\u00eds: Colombia A\u00f1o: 2018[\/vc_column_text][\/vc_column][\/vc_row][\/vc_section][vc_section][vc_row][vc_column]<div class=\"wpb_content_element \"><style type=\"text\/css\">#ut_vs_69ee6d48cde49.ut-shortcode-video-wrap .ut-video-module-caption-text span { font-weight: bold; }#ut_vs_69ee6d48cde49.ut-shortcode-video-wrap .ut-video-module-play-icon { margin-right: 20px; }<\/style><div id=\"ut_vs_69ee6d48cde49\" class=\"ut-shortcode-video-wrap  ut-shortcode-video-wrap-tablet- ut-shortcode-video-wrap-mobile- clearfix\" ><div id=\"ut_reveal_69ee6d48cde4b\"  class=\"ut-video-module \"><div class=\"ut-video-module-caption \"><a class=\"ut-load-video \" data-source=\"mp4\" data-autoplay=\"0\" data-nonce=\"2ca209b24e\" data-location=\"inline\"   data-video=\"https:\/\/www.youtube.com\/watch?v=JB1R4mBKBBk\" data-html=\"#ut_vid_69ee6d48d24a2\">\r\n        <img loading=\"lazy\" decoding=\"async\" data-adaptive-images=\"{&quot;300&quot;:&quot;https:\\\/\\\/www.arteenboga.com.co\\\/la\\\/wp-content\\\/uploads\\\/2021\\\/06\\\/Interaccio\\u0301n-con-el-pu\\u0301blico-transmedia-300x169.jpg&quot;,&quot;500&quot;:&quot;https:\\\/\\\/www.arteenboga.com.co\\\/la\\\/wp-content\\\/uploads\\\/2021\\\/06\\\/Interaccio\\u0301n-con-el-pu\\u0301blico-transmedia-500x281.jpg&quot;,&quot;750&quot;:&quot;https:\\\/\\\/www.arteenboga.com.co\\\/la\\\/wp-content\\\/uploads\\\/2021\\\/06\\\/Interaccio\\u0301n-con-el-pu\\u0301blico-transmedia-750x422.jpg&quot;,&quot;1000&quot;:&quot;https:\\\/\\\/www.arteenboga.com.co\\\/la\\\/wp-content\\\/uploads\\\/2021\\\/06\\\/Interaccio\\u0301n-con-el-pu\\u0301blico-transmedia-1000x563.jpg&quot;,&quot;1500&quot;:&quot;https:\\\/\\\/www.arteenboga.com.co\\\/la\\\/wp-content\\\/uploads\\\/2021\\\/06\\\/Interaccio\\u0301n-con-el-pu\\u0301blico-transmedia-1500x844.jpg&quot;,&quot;2500&quot;:&quot;https:\\\/\\\/www.arteenboga.com.co\\\/la\\\/wp-content\\\/uploads\\\/2021\\\/06\\\/Interaccio\\u0301n-con-el-pu\\u0301blico-transmedia-2500x1406.jpg&quot;}\" src=\"data:image\/svg+xml;charset=utf-8,%3Csvg xmlns%3D&#039;http%3A%2F%2Fwww.w3.org%2F2000%2Fsvg&#039; viewBox%3D&#039;0 0 1500 844&#039;%2F%3E\" width=\"1500\" height=\"844\" data-src=\"https:\/\/www.arteenboga.com.co\/la\/wp-content\/uploads\/2021\/06\/Interaccio\u0301n-con-el-pu\u0301blico-transmedia-1500x844.jpg\" data-image-id=\"9682\" class=\"ut-adaptive-image wp-post-image skip-lazy \">\r\n\r\n        <div class=\"ut-video-module-caption-text\"><div class=\"ut-video-module-inner-caption-text  ut-video-module-caption-position-default\"><div class=\"ut-video-module-play-icon \"><i class=\"Bklyn-Core-Right-6\" aria-hidden=\"true\"><\/i><\/div><span>Bit\u00e1cora audiovisual \/ resultados investigativos<\/span><\/div><\/div><\/a><\/div><div class=\"ut-video-module-loading\"><div class=\"ut-image-gallery-loader\"><div class=\"ut-image-gallery-loader-inner\"><\/div><\/div><\/div><\/div><\/div><\/div>[\/vc_column][\/vc_row][\/vc_section]<\/p>\n<\/div>","protected":false},"excerpt":{"rendered":"<p>Jeniffer Medici, productora esc\u00e9nica y visual radicada en Londres realiz\u00f3 una instalaci\u00f3n art\u00edstica como memoria particular y colectiva, en torno a los asesinatos sistem\u00e1ticos de l\u00edderes sociales en Colombia, en ella cuestiona el papel de la imagen en los medios masivos y la saturaci\u00f3n que estos generan en el espectador.<\/p>\n","protected":false},"author":2,"featured_media":9694,"comment_status":"closed","ping_status":"open","sticky":false,"template":"","format":"gallery","meta":{"footnotes":""},"categories":[89,90],"tags":[91,92,93],"class_list":["post-9642","post","type-post","status-publish","format-gallery","has-post-thumbnail","hentry","category-instalacion-artistica","category-victimas","tag-arte-politico","tag-lideres-asesinados","tag-produccion-escenica-y-visual","post_format-post-format-gallery"],"_links":{"self":[{"href":"https:\/\/www.arteenboga.com.co\/la\/wp-json\/wp\/v2\/posts\/9642","targetHints":{"allow":["GET"]}}],"collection":[{"href":"https:\/\/www.arteenboga.com.co\/la\/wp-json\/wp\/v2\/posts"}],"about":[{"href":"https:\/\/www.arteenboga.com.co\/la\/wp-json\/wp\/v2\/types\/post"}],"author":[{"embeddable":true,"href":"https:\/\/www.arteenboga.com.co\/la\/wp-json\/wp\/v2\/users\/2"}],"replies":[{"embeddable":true,"href":"https:\/\/www.arteenboga.com.co\/la\/wp-json\/wp\/v2\/comments?post=9642"}],"version-history":[{"count":32,"href":"https:\/\/www.arteenboga.com.co\/la\/wp-json\/wp\/v2\/posts\/9642\/revisions"}],"predecessor-version":[{"id":9644,"href":"https:\/\/www.arteenboga.com.co\/la\/wp-json\/wp\/v2\/posts\/9642\/revisions\/9644"}],"wp:featuredmedia":[{"embeddable":true,"href":"https:\/\/www.arteenboga.com.co\/la\/wp-json\/wp\/v2\/media\/9694"}],"wp:attachment":[{"href":"https:\/\/www.arteenboga.com.co\/la\/wp-json\/wp\/v2\/media?parent=9642"}],"wp:term":[{"taxonomy":"category","embeddable":true,"href":"https:\/\/www.arteenboga.com.co\/la\/wp-json\/wp\/v2\/categories?post=9642"},{"taxonomy":"post_tag","embeddable":true,"href":"https:\/\/www.arteenboga.com.co\/la\/wp-json\/wp\/v2\/tags?post=9642"}],"curies":[{"name":"wp","href":"https:\/\/api.w.org\/{rel}","templated":true}]}}