{"id":8957,"date":"2021-06-25T17:31:32","date_gmt":"2021-06-25T17:31:32","guid":{"rendered":"https:\/\/www.arteenboga.com.co\/la\/?p=6770"},"modified":"2025-05-10T04:04:13","modified_gmt":"2025-05-10T04:04:13","slug":"universo-sonoro","status":"publish","type":"post","link":"https:\/\/www.arteenboga.com.co\/la\/universo-sonoro\/","title":{"rendered":"\u00abUniverso Sonoro\u00bb"},"content":{"rendered":"<div class=\"wpb-content-wrapper\"><p>[vc_section][vc_row][vc_column][vc_empty_space][\/vc_column][\/vc_row][vc_row][vc_column width=\u00bb2\/3&#8243;]<style type=\"text\/css\">#ut_custom_heading69f46c6b7b6e8 { text-align:center; }@media (min-width: 768px) and (max-width: 1024px) { #ut_custom_heading69f46c6b7b6e8 { text-align:center; } }@media (max-width: 767px) { #ut_custom_heading69f46c6b7b6e8 { text-align:center; } }<\/style><h1 id=\"ut_custom_heading69f46c6b7b6e8\" data-responsive-font=\"h1\" class=\"ut-custom-heading-module  \" ><span class=\"\" ><a class=\"spreaker-player\" href=\"https:\/\/www.spreaker.com\/episode\/42493715\" data-resource=\"episode_id=42493715\" data-width=\"100%\" data-height=\"200px\" data-theme=\"light\" data-playlist=\"false\" data-playlist-continuous=\"false\" data-autoplay=\"false\" data-live-autoplay=\"false\" data-chapters-image=\"false\" data-episode-image-position=\"left\" data-hide-logo=\"false\" data-hide-likes=\"false\" data-hide-comments=\"false\" data-hide-sharing=\"false\" data-hide-download=\"true\" data-cover=\"https%3A%2F%2Fd3wo5wojvuv7l.cloudfront.net%2Fimages.spreaker.com%2Foriginal%2F69f0129f7c5aaac3dc7bc57b25bf242e.jpg\">Listen to \u00abPodcast con Laura Polania de Universo Sonoro\u00bb on Spreaker.<\/a><\/p>\n<p><script async src=\"https:\/\/widget.spreaker.com\/widgets.js\"><\/script><\/span><\/h1><style type=\"text\/css\">#ut_custom_heading69f46c6b80368 { color:#28b1bd; }#ut_custom_heading69f46c6b80368 { font-family: \"Poppins\";font-weight:500;font-style:normal; }#ut_custom_heading69f46c6b80368 { font-size:22px !important; }#ut_custom_heading69f46c6b80368 { font-style:normal; }#ut_custom_heading69f46c6b80368 { text-align:right; }@media (min-width: 768px) and (max-width: 1024px) { #ut_custom_heading69f46c6b80368 { text-align:right; } }@media (max-width: 767px) { #ut_custom_heading69f46c6b80368 { text-align:right; } }<\/style><h2 id=\"ut_custom_heading69f46c6b80368\" data-responsive-font=\"h2\" data-responsive-font-settings=\"{&quot;base-font-size&quot;:&quot;22&quot;,&quot;font-size-unit&quot;:&quot;px&quot;,&quot;font-size&quot;:{&quot;desktop_large&quot;:&quot;22&quot;},&quot;base-line-height&quot;:&quot;global&quot;,&quot;base-letter-spacing&quot;:&quot;global&quot;}\" class=\"ut-custom-heading-module  \" ><span class=\"\" >Laura Polania, productora esc\u00e9nica y visual nos propone un juego de interacci\u00f3n de todos los sentidos, a partir de una instalaci\u00f3n de arte sonoro y sensorial para la poblaci\u00f3n con discapacidad auditiva y la poblaci\u00f3n oyente.<\/span><\/h2>[vc_separator color=\u00bbpurple\u00bb style=\u00bbdouble\u00bb border_width=\u00bb2&#8243; css_animation=\u00bbnone\u00bb][\/vc_column][vc_column width=\u00bb1\/3&#8243;]<div  class=\"wpb_content_element   clearfix\"><style type=\"text\/css\">#ut_am_69f46c6b807ae { opacity: 1; }#ut_am_wrap_69f46c6b807b0 .ut-image-gallery-item-caption-title h3 { color: #25ede6; }#ut_am_wrap_69f46c6b807b0 .ut-image-gallery-item-caption-title-style-2 h3 { color: #25ede6; }#ut_am_wrap_69f46c6b807b0 .ut-image-gallery-item.ut-animation-done:hover .ut-image-gallery-image-caption, #ut_am_wrap_69f46c6b807b0 .ut-image-gallery-item.ut-element-is-animating:hover .ut-image-gallery-image-caption { background: #000000; }#ut_am_wrap_69f46c6b807b0 .ut-image-gallery-item .ut-image-gallery-image-caption-style-2 { background: #000000; }#ut_am_wrap_69f46c6b807b0 .ut-animated-image-zoom::after { background: url(https:\/\/www.arteenboga.com.co\/la\/wp-content\/uploads\/2021\/06\/laura-perfil2.jpeg); }#ut_am_wrap_69f46c6b807b0 .ut-image-gallery-item-caption-title-style-2 h3 { font-weight: normal; }#ut_am_wrap_69f46c6b807b0 .ut-image-gallery-item-caption-title-style-2 h3 { letter-spacing: -0.03em; }#ut_am_wrap_69f46c6b807b0 .ut-image-gallery-item-caption-title-style-2 h3 { font-size: 20; }#ut_am_wrap_69f46c6b807b0 .ut-gallery-slider-caption { color: #1fc6b6; }#ut_am_wrap_69f46c6b807b0 .ut-gallery-slider-caption { font-weight: bold; }#ut_am_wrap_69f46c6b807b0 { text-align: center; }@media (min-width: 768px) and (max-width: 1024px) { #ut_am_wrap_69f46c6b807b0 { text-align: center !important; } }@media (max-width: 767px) { #ut_am_wrap_69f46c6b807b0 { text-align: center !important; } }<\/style><div id=\"ut_am_wrap_69f46c6b807b0\" class=\"ut-image-gallery-image \"><div id=\"ut_reveal_69f46c6b807b1\"  data-appear-top-offset=\"auto\" class=\"ut-animated-image-item ut-image-gallery-item ut-animation-done \"><a class=\"ut-deactivated-link\" href=\"#\"><div class=\"ut-animated-image-zoom\"><img loading=\"lazy\" decoding=\"async\" class=\"ut-lazy skip-lazy ut-animated-image \" title=\"laura-perfil2\" id=\"ut_am_69f46c6b807ae\" src=\"data:image\/svg+xml;charset=utf-8,%3Csvg xmlns%3D'http%3A%2F%2Fwww.w3.org%2F2000%2Fsvg' viewBox%3D'0 0 300 380'%2F%3E\" data-src=\"https:\/\/www.arteenboga.com.co\/la\/wp-content\/uploads\/2021\/06\/laura-perfil2.jpeg\" width=\"300\" height=\"380\" alt=\"\"\/><\/div><div data-image-caption class=\"ut-image-gallery-image-caption-style-2\"><div class=\"ut-image-gallery-item-caption-title-style-2\"><h3>Laura Polania<br \/><small>S\u00edguela en:<\/small><\/h3><\/div><\/div><\/a><\/div><\/div><\/div><div class=\"wpb_content_element \"><style class=\"bklyn-inline-styles\" type=\"text\/css\">#ut_sf_69f46c6b8085e { font-size: 40px; }<\/style><ul id=\"ut_sf_69f46c6b8085e\" class=\"ut-social-follow-module  ut-social-follow-module-center ut-social-follow-module-tablet-center ut-social-follow-module-mobile-center ut-social-follow-module-20\" data-settings=\"{&quot;animate&quot;:false,&quot;effect&quot;:&quot;&quot;,&quot;delay_animation&quot;:false,&quot;global_delay_animation&quot;:false,&quot;delay_timer&quot;:100,&quot;global_delay_timer&quot;:100}\"><li  class=\"ut-social-follow-0 ut-social-follow-icon-only \"><a class=\"ut-social-follow-link\" title=\"Facebook\" href=\"https:\/\/www.facebook.com\/LauraPolania98z\" area-label=\"fa facebook-square\" target=\"_blank\" ><i class=\"fa fa-facebook-square\"><\/i><\/a><\/li><li  class=\"ut-social-follow-1 ut-social-follow-icon-only \"><a class=\"ut-social-follow-link\" title=\"Instagram\" href=\"https:\/\/www.instagram.com\/lzambranopz\/?hl=es-la\" area-label=\"fa instagram\" target=\"_blank\" ><i class=\"fa fa-instagram\"><\/i><\/a><\/li><li  class=\"ut-social-follow-2 ut-social-follow-icon-only \"><a class=\"ut-social-follow-link\" title=\"\" href=\"https:\/\/azambranop98.wixsite.com\/lapzportafolio\" area-label=\"fa globe\" target=\"_blank\" ><i class=\"fa fa-globe\"><\/i><\/a><\/li><\/ul><\/div>[\/vc_column][\/vc_row][vc_row][vc_column offset=\u00bbvc_col-lg-offset-0&#8243;]<div id=\"ut_oms_69f46c6b808ea\" class=\"wpb_content_element \"><style type=\"text\/css\"> #ut_oms_69f46c6b808ea .ut-gallery-slider-caption-wrap::before { content: \"\"; }<\/style><div class=\"ut-owl-gallery-slider-wrap ut-owl-gallery-slider-style-two\"><div id=\"ut_ms_69f46c6b808e9\" class=\"ut-owl-gallery-slider owl-carousel owl-theme  ut-owl-carousel\" data-settings=\"{&quot;items&quot;:&quot;2&quot;,&quot;lazyLoad&quot;:true,&quot;smartSpeed&quot;:600,&quot;animateIn&quot;:false,&quot;animateOut&quot;:false,&quot;autoplay&quot;:true,&quot;autoplayHoverPause&quot;:true,&quot;autoplayTimeout&quot;:&quot;2000&quot;,&quot;loop&quot;:true,&quot;nav&quot;:false,&quot;dots&quot;:false,&quot;responsiveClass&quot;:true,&quot;responsive&quot;:{&quot;0&quot;:{&quot;items&quot;:1},&quot;768&quot;:{&quot;items&quot;:1},&quot;1025&quot;:{&quot;items&quot;:&quot;2&quot;}},&quot;lightbox&quot;:&quot;yes&quot;}\"><div><figure class=\"ut-gallery-slider-caption-wrap\"><a data-title=\"Entrada-de-la-cabina\" data-caption=\"\" data-caption-color=\"\" data-caption-background=\"\" data-trigger-id=\"ut-lightbox-trigger-9444\" data-exthumbimage=\"https:\/\/www.arteenboga.com.co\/la\/wp-content\/uploads\/2021\/06\/Entrada-de-la-cabina-200x200.jpg\" href=\"https:\/\/www.arteenboga.com.co\/la\/wp-content\/uploads\/2021\/06\/Entrada-de-la-cabina.jpg\" class=\"for-lightbox ut-slider-maximize\"><i class=\"Bklyn-Core-Maximize-3\"><\/i><\/a><img class=\"item owl-lazy\"  data-src=\"https:\/\/www.arteenboga.com.co\/la\/wp-content\/uploads\/2021\/06\/Entrada-de-la-cabina.jpg\" \/><\/figure><\/div><div><figure class=\"ut-gallery-slider-caption-wrap\"><a data-title=\"Intervenciones-del-pu\u0301blico-en-la-cabina\" data-caption=\"\" data-caption-color=\"\" data-caption-background=\"\" data-trigger-id=\"ut-lightbox-trigger-9445\" data-exthumbimage=\"https:\/\/www.arteenboga.com.co\/la\/wp-content\/uploads\/2021\/06\/Intervenciones-del-pu\u0301blico-en-la-cabina-200x200.jpg\" href=\"https:\/\/www.arteenboga.com.co\/la\/wp-content\/uploads\/2021\/06\/Intervenciones-del-pu\u0301blico-en-la-cabina.jpg\" class=\"for-lightbox ut-slider-maximize\"><i class=\"Bklyn-Core-Maximize-3\"><\/i><\/a><img class=\"item owl-lazy\"  data-src=\"https:\/\/www.arteenboga.com.co\/la\/wp-content\/uploads\/2021\/06\/Intervenciones-del-pu\u0301blico-en-la-cabina.jpg\" \/><\/figure><\/div><div><figure class=\"ut-gallery-slider-caption-wrap\"><a data-title=\"pared-vibrante-cabina\" data-caption=\"\" data-caption-color=\"\" data-caption-background=\"\" data-trigger-id=\"ut-lightbox-trigger-9440\" data-exthumbimage=\"https:\/\/www.arteenboga.com.co\/la\/wp-content\/uploads\/2021\/06\/pared-vibrante-cabina-200x200.jpg\" href=\"https:\/\/www.arteenboga.com.co\/la\/wp-content\/uploads\/2021\/06\/pared-vibrante-cabina.jpg\" class=\"for-lightbox ut-slider-maximize\"><i class=\"Bklyn-Core-Maximize-3\"><\/i><\/a><img class=\"item owl-lazy\"  data-src=\"https:\/\/www.arteenboga.com.co\/la\/wp-content\/uploads\/2021\/06\/pared-vibrante-cabina.jpg\" \/><\/figure><\/div><div><figure class=\"ut-gallery-slider-caption-wrap\"><a data-title=\"interaccion-en-la-cabina\" data-caption=\"\" data-caption-color=\"\" data-caption-background=\"\" data-trigger-id=\"ut-lightbox-trigger-9443\" data-exthumbimage=\"https:\/\/www.arteenboga.com.co\/la\/wp-content\/uploads\/2021\/06\/interaccion-en-la-cabina-200x200.jpg\" href=\"https:\/\/www.arteenboga.com.co\/la\/wp-content\/uploads\/2021\/06\/interaccion-en-la-cabina.jpg\" class=\"for-lightbox ut-slider-maximize\"><i class=\"Bklyn-Core-Maximize-3\"><\/i><\/a><img class=\"item owl-lazy\"  data-src=\"https:\/\/www.arteenboga.com.co\/la\/wp-content\/uploads\/2021\/06\/interaccion-en-la-cabina.jpg\" \/><\/figure><\/div><div><figure class=\"ut-gallery-slider-caption-wrap\"><a data-title=\"Exploracio\u0301n-visual\" data-caption=\"\" data-caption-color=\"\" data-caption-background=\"\" data-trigger-id=\"ut-lightbox-trigger-9451\" data-exthumbimage=\"https:\/\/www.arteenboga.com.co\/la\/wp-content\/uploads\/2021\/06\/Exploracio\u0301n-visual-200x200.jpg\" href=\"https:\/\/www.arteenboga.com.co\/la\/wp-content\/uploads\/2021\/06\/Exploracio\u0301n-visual.jpg\" class=\"for-lightbox ut-slider-maximize\"><i class=\"Bklyn-Core-Maximize-3\"><\/i><\/a><img class=\"item owl-lazy\"  data-src=\"https:\/\/www.arteenboga.com.co\/la\/wp-content\/uploads\/2021\/06\/Exploracio\u0301n-visual.jpg\" \/><\/figure><\/div><div><figure class=\"ut-gallery-slider-caption-wrap\"><a data-title=\"Trabajo-de-campo-materiales\" data-caption=\"\" data-caption-color=\"\" data-caption-background=\"\" data-trigger-id=\"ut-lightbox-trigger-9449\" data-exthumbimage=\"https:\/\/www.arteenboga.com.co\/la\/wp-content\/uploads\/2021\/06\/Trabajo-de-campo-materiales-200x200.jpg\" href=\"https:\/\/www.arteenboga.com.co\/la\/wp-content\/uploads\/2021\/06\/Trabajo-de-campo-materiales.jpg\" class=\"for-lightbox ut-slider-maximize\"><i class=\"Bklyn-Core-Maximize-3\"><\/i><\/a><img class=\"item owl-lazy\"  data-src=\"https:\/\/www.arteenboga.com.co\/la\/wp-content\/uploads\/2021\/06\/Trabajo-de-campo-materiales.jpg\" \/><\/figure><\/div><div><figure class=\"ut-gallery-slider-caption-wrap\"><a data-title=\"Trabajo-de-campo-materiales-vibracio\u0301n\" data-caption=\"\" data-caption-color=\"\" data-caption-background=\"\" data-trigger-id=\"ut-lightbox-trigger-9448\" data-exthumbimage=\"https:\/\/www.arteenboga.com.co\/la\/wp-content\/uploads\/2021\/06\/Trabajo-de-campo-materiales-vibracio\u0301n-200x200.jpg\" href=\"https:\/\/www.arteenboga.com.co\/la\/wp-content\/uploads\/2021\/06\/Trabajo-de-campo-materiales-vibracio\u0301n.jpg\" class=\"for-lightbox ut-slider-maximize\"><i class=\"Bklyn-Core-Maximize-3\"><\/i><\/a><img class=\"item owl-lazy\"  data-src=\"https:\/\/www.arteenboga.com.co\/la\/wp-content\/uploads\/2021\/06\/Trabajo-de-campo-materiales-vibracio\u0301n.jpg\" \/><\/figure><\/div><div><figure class=\"ut-gallery-slider-caption-wrap\"><a data-title=\"trabajo-de-campo-sensibilizacio\u0301n-pla\u0301stica\" data-caption=\"\" data-caption-color=\"\" data-caption-background=\"\" data-trigger-id=\"ut-lightbox-trigger-9446\" data-exthumbimage=\"https:\/\/www.arteenboga.com.co\/la\/wp-content\/uploads\/2021\/06\/trabajo-de-campo-sensibilizacio\u0301n-pla\u0301stica-200x200.jpg\" href=\"https:\/\/www.arteenboga.com.co\/la\/wp-content\/uploads\/2021\/06\/trabajo-de-campo-sensibilizacio\u0301n-pla\u0301stica.jpg\" class=\"for-lightbox ut-slider-maximize\"><i class=\"Bklyn-Core-Maximize-3\"><\/i><\/a><img class=\"item owl-lazy\"  data-src=\"https:\/\/www.arteenboga.com.co\/la\/wp-content\/uploads\/2021\/06\/trabajo-de-campo-sensibilizacio\u0301n-pla\u0301stica.jpg\" \/><\/figure><\/div><div><figure class=\"ut-gallery-slider-caption-wrap\"><a data-title=\"trabajo-de-campo-pruebas-vibraciones\" data-caption=\"\" data-caption-color=\"\" data-caption-background=\"\" data-trigger-id=\"ut-lightbox-trigger-9447\" data-exthumbimage=\"https:\/\/www.arteenboga.com.co\/la\/wp-content\/uploads\/2021\/06\/trabajo-de-campo-pruebas-vibraciones-200x200.jpg\" href=\"https:\/\/www.arteenboga.com.co\/la\/wp-content\/uploads\/2021\/06\/trabajo-de-campo-pruebas-vibraciones.jpg\" class=\"for-lightbox ut-slider-maximize\"><i class=\"Bklyn-Core-Maximize-3\"><\/i><\/a><img class=\"item owl-lazy\"  data-src=\"https:\/\/www.arteenboga.com.co\/la\/wp-content\/uploads\/2021\/06\/trabajo-de-campo-pruebas-vibraciones.jpg\" \/><\/figure><\/div><div><figure class=\"ut-gallery-slider-caption-wrap\"><a data-title=\"ensamble-de-la-cabina\" data-caption=\"\" data-caption-color=\"\" data-caption-background=\"\" data-trigger-id=\"ut-lightbox-trigger-9441\" data-exthumbimage=\"https:\/\/www.arteenboga.com.co\/la\/wp-content\/uploads\/2021\/06\/ensamble-de-la-cabina-200x200.jpg\" href=\"https:\/\/www.arteenboga.com.co\/la\/wp-content\/uploads\/2021\/06\/ensamble-de-la-cabina.jpg\" class=\"for-lightbox ut-slider-maximize\"><i class=\"Bklyn-Core-Maximize-3\"><\/i><\/a><img class=\"item owl-lazy\"  data-src=\"https:\/\/www.arteenboga.com.co\/la\/wp-content\/uploads\/2021\/06\/ensamble-de-la-cabina.jpg\" \/><\/figure><\/div><\/div><a href=\"#\" data-for=\"ut_ms_69f46c6b808e9\" class=\"ut-prev-gallery-slide \"><i class=\"Bklyn-Core-Left-2\"><\/i><\/a><a href=\"#\" data-for=\"ut_ms_69f46c6b808e9\" class=\"ut-next-gallery-slide \"><i class=\"Bklyn-Core-Right-2\"><\/i><\/a><\/div><\/div>[\/vc_column][\/vc_row][vc_row][vc_column offset=\u00bbvc_col-lg-offset-2 vc_col-lg-8&#8243;][vc_column_text]<\/p>\n<h2><strong>Leitmotiv:<\/strong><\/h2>\n<p>Laura Polania ha estado interesada en el campo del arte sonoro desde siempre, apasionada por la m\u00fasica y lo que est\u00e1 suscita en las personas, quiso desarrollar como proyecto de grado una instalaci\u00f3n sonora y sensorial para la poblaci\u00f3n con discapacidad auditiva pero integrando tambi\u00e9n a la poblaci\u00f3n oyente; <em><span style=\"vertical-align: inherit;\"><span style=\"vertical-align: inherit;\">\u201cEste proyecto surge de la pasi\u00f3n por escuchar la m\u00fasica e integrar todas las sensaciones en un mundo.\u00a0 Siempre so\u00f1aba con crear mi propio espacio donde me pod\u00eda identificar a trav\u00e9s de lo sensorial; mediante lo visual y lo t\u00e1ctil, entonces fue como mi rinconcito de creaci\u00f3n\u201d<\/span><\/span><\/em><span style=\"vertical-align: inherit;\"><span style=\"vertical-align: inherit;\"> nos comenta Laura.\u00a0\u00a0<\/span><\/span><\/p>\n<p><span style=\"vertical-align: inherit;\"><span style=\"vertical-align: inherit;\">Por esta raz\u00f3n decidi\u00f3 crear este \u201cuniverso sonoro\u201d en una cabina que integraba varias disciplinas art\u00edsticas y que se convirti\u00f3 en un espacio de experimentaci\u00f3n e interacci\u00f3n. <\/span><\/span><span style=\"vertical-align: inherit;\"><span style=\"vertical-align: inherit;\">Laura quer\u00eda ofrecer a la comunidad sorda una experiencia art\u00edstica que integrar\u00e1 varias disciplinas pero que sobre todo fuera de su completo disfrute, sin dejar de lado la poblaci\u00f3n oyente y que funcionara como un espacio para compartir sin limitaciones o exclusiones de grupos sociales, pues como lo expone Laura;\u00a0<\/span><\/span><em><span style=\"vertical-align: inherit;\"><span style=\"vertical-align: inherit;\">\u201c\u2026creo que la sociedad todav\u00eda no ha entendido que el arte es muy universal, no solamente es para ciertas personas, entonces yo consider\u00e9\u00a0que ser\u00eda un proyecto muy experimental y sensorial porque lo que hace el arte es unir y proponerles a ellos la oportunidad de compartir y explorar juntos\u201d<\/span><\/span><\/em><span style=\"vertical-align: inherit;\"><span style=\"vertical-align: inherit;\">. <\/span><\/span><\/p>\n<p><span style=\"vertical-align: inherit;\"><span style=\"vertical-align: inherit;\">Y eso es precisamente Universo Sonoro, un espacio de uni\u00f3n y exploraci\u00f3n sensorial para todo tipo de comunidades, donde el juego y la experimentaci\u00f3n son el veh\u00edculo principal en la construcci\u00f3n de una experiencia.<\/span><\/span>[\/vc_column_text][vc_separator color=\u00bbcustom\u00bb accent_color=\u00bb#dddddd\u00bb]<style type=\"text\/css\">#ut_custom_heading69f46c6b85c55 { font-family: \"Poppins\";font-weight:400;font-style:normal; }#ut_custom_heading69f46c6b85c55 { font-size:17px !important;line-height:125% !important; }@media (min-width: 1025px) and (max-width: 1679px) {#ut_custom_heading69f46c6b85c55 { line-height:125% !important; }}@media (min-width: 768px) and (max-width: 1024px) {#ut_custom_heading69f46c6b85c55 { line-height:125% !important; }}@media (max-width: 767px) {#ut_custom_heading69f46c6b85c55 { line-height:125% !important; }}#ut_custom_heading69f46c6b85c55 { font-style:normal; }#ut_custom_heading69f46c6b85c55 { text-align:center; }@media (min-width: 768px) and (max-width: 1024px) { #ut_custom_heading69f46c6b85c55 { text-align:center; } }@media (max-width: 767px) { #ut_custom_heading69f46c6b85c55 { text-align:center; } }#ut_custom_heading69f46c6b85c55 { text-transform:none; }<\/style><h2 id=\"ut_custom_heading69f46c6b85c55\" data-responsive-font=\"h2\" data-responsive-font-settings=\"{&quot;base-font-size&quot;:&quot;17&quot;,&quot;font-size-unit&quot;:&quot;px&quot;,&quot;font-size&quot;:{&quot;desktop_large&quot;:&quot;17&quot;},&quot;base-line-height&quot;:&quot;125&quot;,&quot;line-height-unit&quot;:&quot;%&quot;,&quot;line-height&quot;:{&quot;desktop_large&quot;:&quot;125&quot;,&quot;desktop_small&quot;:&quot;125&quot;,&quot;tablet&quot;:&quot;125&quot;,&quot;mobile&quot;:&quot;125&quot;},&quot;base-letter-spacing&quot;:&quot;global&quot;}\" class=\"ut-custom-heading-module  \" ><span class=\"\" >\u201c\u2026creo que la sociedad todav\u00eda no ha entendido que el arte es muy universal, no solamente es para ciertas personas, entonces yo consider\u00e9 que ser\u00eda un proyecto muy experimental y sensorial porque lo que hace el arte es unir y proponerles a ellos la oportunidad de compartir y explorar juntos.\u201d<\/span><\/h2>[\/vc_column][\/vc_row][vc_row][vc_column offset=\u00bbvc_col-lg-offset-0&#8243;]<div class=\"wpb_content_element   clearfix\"><style type=\"text\/css\">#ut_ig_69f46c6b85d0f .ut-lazy:not(.ut-image-loaded) + .ut-video-module-loading { display:block; }#ut_ig_69f46c6b85d0f .ut-lazy.ut-image-loaded + .ut-video-module-loading { display:none; }#ut_ig_69f46c6b85d0f .ut-animate-gallery-element { opacity: 0; }#ut_ig_69f46c6b85d0f .ut-image-gallery-item-caption-title h3 { text-transform: capitalize; }#ut_ig_69f46c6b85d0f .ut-image-gallery-item-caption-title h3 { font-weight: normal; }#ut_ig_69f46c6b85d0f .ut-gallery-slider-caption { font-weight: bold; }<\/style><div id=\"ut_ig_69f46c6b85d0f\" class=\"ut-image-gallery ut-image-gallery-module  clearfix\" data-settings=\"{&quot;animate&quot;:true,&quot;effect&quot;:&quot;slideInLeft&quot;,&quot;lazy&quot;:true,&quot;delay_animation&quot;:true,&quot;global_delay_animation&quot;:false,&quot;delay_timer&quot;:&quot;500&quot;,&quot;global_delay_timer&quot;:100}\" ><div data-effect=\"slideInLeft\" data-animateonce=\"yes\" data-count=\"2\" class=\"ut-image-gallery-item ut-animate-gallery-element animated  grid-50 tablet-grid-50 mobile-grid-100\"><a  class=\"ut-vc-images-lightbox ut-vc-images-lightbox-group-image\"  data-exthumbimage=\"https:\/\/www.arteenboga.com.co\/la\/wp-content\/uploads\/2021\/06\/Exploracio\u0301n-ta\u0301ctil-1-200x200.jpg\" href=\"https:\/\/www.arteenboga.com.co\/la\/wp-content\/uploads\/2021\/06\/Exploracio\u0301n-ta\u0301ctil-1.jpg\" data-title=\"Exploracio\u0301n-ta\u0301ctil\" data-caption=\"\" data-caption-color=\"\" data-caption-background=\"\"><div class=\"ut-image-gallery-image\" ><img loading=\"lazy\" decoding=\"async\"  class=\" ut-lazy skip-lazy\" src=\"data:image\/svg+xml;charset=utf-8,%3Csvg xmlns%3D'http%3A%2F%2Fwww.w3.org%2F2000%2Fsvg' viewBox%3D'0 0 1600 900'%2F%3E\" data-src=\"https:\/\/www.arteenboga.com.co\/la\/wp-content\/uploads\/2021\/06\/Exploracio\u0301n-ta\u0301ctil-1.jpg\" width=\"1600\" height=\"900\"><div class=\"ut-image-gallery-image-caption\"><div class=\"ut-image-gallery-item-caption-title\"><h3>Trabajo de campo\/Poblaci\u00f3n Objetiva<\/h3><\/div><\/div><\/div><\/a><\/div><div data-effect=\"slideInLeft\" data-animateonce=\"yes\" data-count=\"2\" class=\"ut-image-gallery-item ut-animate-gallery-element animated   grid-50 tablet-grid-50 mobile-grid-100\"><a  class=\"ut-vc-images-lightbox ut-vc-images-lightbox-group-image\"  data-exthumbimage=\"https:\/\/www.arteenboga.com.co\/la\/wp-content\/uploads\/2021\/06\/Sensibilizacio\u0301n-pla\u0301stica-1-200x200.jpg\" href=\"https:\/\/www.arteenboga.com.co\/la\/wp-content\/uploads\/2021\/06\/Sensibilizacio\u0301n-pla\u0301stica-1.jpg\" data-title=\"Sensibilizacio\u0301n-pla\u0301stica\" data-caption=\"\" data-caption-color=\"\" data-caption-background=\"\"><div class=\"ut-image-gallery-image\" ><img loading=\"lazy\" decoding=\"async\"  class=\" ut-lazy skip-lazy\" src=\"data:image\/svg+xml;charset=utf-8,%3Csvg xmlns%3D'http%3A%2F%2Fwww.w3.org%2F2000%2Fsvg' viewBox%3D'0 0 1600 900'%2F%3E\" data-src=\"https:\/\/www.arteenboga.com.co\/la\/wp-content\/uploads\/2021\/06\/Sensibilizacio\u0301n-pla\u0301stica-1.jpg\" width=\"1600\" height=\"900\"><div class=\"ut-image-gallery-image-caption\"><div class=\"ut-image-gallery-item-caption-title\"><h3>Trabajo de campo\/Poblaci\u00f3n Objetiva<\/h3><\/div><\/div><\/div><\/a><\/div><div class=\"ut-image-gallery-sizer\"><\/div><div class=\"clear\"><\/div><\/div><\/div>[\/vc_column][\/vc_row][vc_row][vc_column offset=\u00bbvc_col-lg-offset-2 vc_col-lg-8&#8243;][vc_column_text]<\/p>\n<h2>Grupo focal:<\/h2>\n<p>En los proyectos de este tipo no es tarea f\u00e1cil tener acceso a la poblaci\u00f3n objetiva y los artistas deben pasar por muchos cercos institucionales que les impiden acceder a un trabajo de creaci\u00f3n y experimentaci\u00f3n con la poblaci\u00f3n. Para Laura no fue la excepci\u00f3n y despu\u00e9s de tocar muchas puertas de instituciones tanto p\u00fablicas como privadas por medio de una convocatoria por redes sociales, se pudo desarrollar el trabajo de campo con dos personas interesadas en el proyecto.<\/p>\n<p>Fueron en total tres sesiones de experimentaci\u00f3n sensorial con el grupo objetivo y\u00a0 un int\u00e9rprete de se\u00f1as. En este se definieron las l\u00edneas conceptuales que atravesar\u00eda la instalaci\u00f3n y se pusieron a prueba todos los materiales con los que se realizar\u00eda la composici\u00f3n sonora y esc\u00e9nica de la cabina: <em>\u201clas tres sesiones se basaron en lo m\u00e1s importante; el sentido del tacto y como recogemos informaci\u00f3n a trav\u00e9s de ejercicios muy sensoriales y de frecuencias bajas; utilizando diferentes materiales que pudieran conducir o enviar el sonido mucho m\u00e1s r\u00e1pido para que ellos pudieran sentir el ritmo de las canciones\u201d,<\/em>\u00a0nos comparte Laura.<\/p>\n<p>Todo el trabajo sensorial estuvo ligado al tema del juego y la interacci\u00f3n con los materiales, los participantes intercambiaron ideas sobre lo vivenciado en cada sesi\u00f3n y toda esta informaci\u00f3n fue materializada en la construcci\u00f3n de la cabina, seg\u00fan lo que nos cuenta Laura;\u00a0<em>\u201c\u2026pudimos identificar qu\u00e9 materiales son muy buenos para conducir el sonido, en este caso el pl\u00e1stico, el metal y la madera fueron los m\u00e1s apropiados, y con estos tratamos de encontrar el tipo de frecuencias en las canciones, utilizando finalmente la m\u00fasica la electr\u00f3nica.\u201d<\/em><\/p>\n<p>Al dise\u00f1o sonoro basado en bajas frecuencias para la apreciaci\u00f3n musical por parte de la poblaci\u00f3n objetiva, se suma un tema de exploraci\u00f3n y sensibilizaci\u00f3n visual; a partir del dise\u00f1o de un esquema de luces que propon\u00edan otra forma de acercamiento a la pieza musical:\u00a0<em>\u201cLo visual fue una muy buena fuente para indicarnos c\u00f3mo era el ritmo y tambi\u00e9n la sensaci\u00f3n que nos produce la m\u00fasica; fue un juego de luces, tratando de identificar donde era m\u00e1s fuerte y donde era m\u00e1s suave con los colores y las emociones que les produc\u00eda.\u201d<\/em>[\/vc_column_text][\/vc_column][\/vc_row][vc_row][vc_column offset=\u00bbvc_col-lg-offset-0&#8243;]<div class=\"wpb_content_element   clearfix\"><style type=\"text\/css\">#ut_ig_69f46c6b86d54 .ut-lazy:not(.ut-image-loaded) + .ut-video-module-loading { display:block; }#ut_ig_69f46c6b86d54 .ut-lazy.ut-image-loaded + .ut-video-module-loading { display:none; }#ut_ig_69f46c6b86d54 .ut-animate-gallery-element { opacity: 0; }#ut_ig_69f46c6b86d54 .ut-image-gallery-item-caption-title h3 { text-transform: capitalize; }#ut_ig_69f46c6b86d54 .ut-image-gallery-item-caption-title h3 { font-weight: normal; }#ut_ig_69f46c6b86d54 .ut-gallery-slider-caption { font-weight: bold; }<\/style><div id=\"ut_ig_69f46c6b86d54\" class=\"ut-image-gallery ut-image-gallery-module  clearfix\" data-settings=\"{&quot;animate&quot;:true,&quot;effect&quot;:&quot;slideInRight&quot;,&quot;lazy&quot;:true,&quot;delay_animation&quot;:true,&quot;global_delay_animation&quot;:false,&quot;delay_timer&quot;:&quot;500&quot;,&quot;global_delay_timer&quot;:100}\" ><div data-effect=\"slideInRight\" data-animateonce=\"yes\" data-count=\"2\" class=\"ut-image-gallery-item ut-animate-gallery-element animated  grid-50 tablet-grid-50 mobile-grid-100\"><a  class=\"ut-vc-images-lightbox ut-vc-images-lightbox-group-image\"  data-exthumbimage=\"https:\/\/www.arteenboga.com.co\/la\/wp-content\/uploads\/2021\/06\/disen\u0303o-interior-cabina-200x200.jpg\" href=\"https:\/\/www.arteenboga.com.co\/la\/wp-content\/uploads\/2021\/06\/disen\u0303o-interior-cabina.jpg\" data-title=\"disen\u0303o-interior-cabina\" data-caption=\"\" data-caption-color=\"\" data-caption-background=\"\"><div class=\"ut-image-gallery-image\" ><img loading=\"lazy\" decoding=\"async\"  class=\" ut-lazy skip-lazy\" src=\"data:image\/svg+xml;charset=utf-8,%3Csvg xmlns%3D'http%3A%2F%2Fwww.w3.org%2F2000%2Fsvg' viewBox%3D'0 0 1600 900'%2F%3E\" data-src=\"https:\/\/www.arteenboga.com.co\/la\/wp-content\/uploads\/2021\/06\/disen\u0303o-interior-cabina.jpg\" width=\"1600\" height=\"900\"><div class=\"ut-image-gallery-image-caption\"><div class=\"ut-image-gallery-item-caption-title\"><h3>Construcci\u00f3n de la Instalaci\u00f3n<\/h3><\/div><\/div><\/div><\/a><\/div><div data-effect=\"slideInRight\" data-animateonce=\"yes\" data-count=\"2\" class=\"ut-image-gallery-item ut-animate-gallery-element animated   grid-50 tablet-grid-50 mobile-grid-100\"><a  class=\"ut-vc-images-lightbox ut-vc-images-lightbox-group-image\"  data-exthumbimage=\"https:\/\/www.arteenboga.com.co\/la\/wp-content\/uploads\/2021\/06\/materializacio\u0301n-soporte-cabina-200x200.jpg\" href=\"https:\/\/www.arteenboga.com.co\/la\/wp-content\/uploads\/2021\/06\/materializacio\u0301n-soporte-cabina.jpg\" data-title=\"materializacio\u0301n-soporte-cabina\" data-caption=\"\" data-caption-color=\"\" data-caption-background=\"\"><div class=\"ut-image-gallery-image\" ><img loading=\"lazy\" decoding=\"async\"  class=\" ut-lazy skip-lazy\" src=\"data:image\/svg+xml;charset=utf-8,%3Csvg xmlns%3D'http%3A%2F%2Fwww.w3.org%2F2000%2Fsvg' viewBox%3D'0 0 1600 900'%2F%3E\" data-src=\"https:\/\/www.arteenboga.com.co\/la\/wp-content\/uploads\/2021\/06\/materializacio\u0301n-soporte-cabina.jpg\" width=\"1600\" height=\"900\"><div class=\"ut-image-gallery-image-caption\"><div class=\"ut-image-gallery-item-caption-title\"><h3>Construcci\u00f3n de la Instalaci\u00f3n<\/h3><\/div><\/div><\/div><\/a><\/div><div class=\"ut-image-gallery-sizer\"><\/div><div class=\"clear\"><\/div><\/div><\/div>[\/vc_column][\/vc_row][vc_row][vc_column offset=\u00bbvc_col-lg-offset-2 vc_col-lg-8&#8243;][vc_column_text]<\/p>\n<h2>Materializaci\u00f3n:<\/h2>\n<p>El\u00a0dise\u00f1o de la cabina fue un trabajo compartido con la poblaci\u00f3n objetiva, pues todos los materiales que aparec\u00edan en ella fueron aprobados por el grupo focal, tenido en cuenta sus necesidades, intereses y disfrute est\u00e9tico. La cabina contaba con seis paredes, para que m\u00e1ximo seis personas pudieran disfrutar simult\u00e1neamente de la experiencia sensorial.<\/p>\n<p>Laura se vali\u00f3 de los saberes de todo un equipo de trabajo para la producci\u00f3n de la cabina; entre escen\u00f3grafos, dise\u00f1adores sonoros y t\u00e9cnicos en construcci\u00f3n llevaron a cabo la materializaci\u00f3n de la idea, integrando el material obtenido en el trabajo de campo.\u00a0<em>\u201cLa madera y el metal fueron un buen conductor y no necesite insonorizar la caja, sin embargo, fueron necesarios los parlantes de baja frecuencia con contacto del material para que ellos pudieran sentir a trav\u00e9s de los pies, y que esto fuera un conductor a toda la cabina\u201d,\u00a0<\/em>nos comparte Laura sobre la materializaci\u00f3n.<\/p>\n<p>Como se dijo anteriormente, la cabina contaba con seis paredes: la pared de texturas que incitaba a explorar con el sentido del tacto todo tipo de sensaciones; la pared de creatividad era un espacio para jugar con pinturas y plasmar en ella sensaciones producto de la interacci\u00f3n en la instalaci\u00f3n. La pared de luces estaba construida en un sistema de bombillos que pod\u00edan prenderse y apagarse a voluntad del espectador, jugando con los ritmos vibrantes de la composici\u00f3n sonora y en consonancia con la pared del techo lum\u00ednico.<\/p>\n<p>Y por \u00faltimo, las dos paredes m\u00e1s importantes que\u00a0 hicieron posible la conducci\u00f3n de vibraciones del sonido a toda la cabina; una pared de bombas y la pared del piso, que a partir de la implementaci\u00f3n de parlantes de baja vibraci\u00f3n permitieron tanto a la poblaci\u00f3n con discapacidad auditiva como a la poblaci\u00f3n oyente, vivenciar la experiencia sensorial en todo su esplendor.[\/vc_column_text][\/vc_column][\/vc_row][vc_row][vc_column offset=\u00bbvc_col-lg-offset-0&#8243;]<div class=\"wpb_content_element   clearfix\"><style type=\"text\/css\">#ut_ig_69f46c6b87ca3 .ut-lazy:not(.ut-image-loaded) + .ut-video-module-loading { display:block; }#ut_ig_69f46c6b87ca3 .ut-lazy.ut-image-loaded + .ut-video-module-loading { display:none; }#ut_ig_69f46c6b87ca3 .ut-animate-gallery-element { opacity: 0; }#ut_ig_69f46c6b87ca3 .ut-image-gallery-item-caption-title h3 { text-transform: capitalize; }#ut_ig_69f46c6b87ca3 .ut-image-gallery-item-caption-title h3 { font-weight: normal; }#ut_ig_69f46c6b87ca3 .ut-gallery-slider-caption { font-weight: bold; }<\/style><div id=\"ut_ig_69f46c6b87ca3\" class=\"ut-image-gallery ut-image-gallery-module  clearfix\" data-settings=\"{&quot;animate&quot;:true,&quot;effect&quot;:&quot;bounceInDown&quot;,&quot;lazy&quot;:true,&quot;delay_animation&quot;:true,&quot;global_delay_animation&quot;:false,&quot;delay_timer&quot;:&quot;500&quot;,&quot;global_delay_timer&quot;:100}\" ><div data-effect=\"bounceInDown\" data-animateonce=\"yes\" data-count=\"2\" class=\"ut-image-gallery-item ut-animate-gallery-element animated  grid-50 tablet-grid-50 mobile-grid-100\"><a  class=\"ut-vc-images-lightbox ut-vc-images-lightbox-group-image\"  data-exthumbimage=\"https:\/\/www.arteenboga.com.co\/la\/wp-content\/uploads\/2021\/06\/Pared-de-texturas-pu\u0301blico-200x200.jpg\" href=\"https:\/\/www.arteenboga.com.co\/la\/wp-content\/uploads\/2021\/06\/Pared-de-texturas-pu\u0301blico.jpg\" data-title=\"Pared-de-texturas-pu\u0301blico\" data-caption=\"\" data-caption-color=\"\" data-caption-background=\"\"><div class=\"ut-image-gallery-image\" ><img loading=\"lazy\" decoding=\"async\"  class=\" ut-lazy skip-lazy\" src=\"data:image\/svg+xml;charset=utf-8,%3Csvg xmlns%3D'http%3A%2F%2Fwww.w3.org%2F2000%2Fsvg' viewBox%3D'0 0 1600 900'%2F%3E\" data-src=\"https:\/\/www.arteenboga.com.co\/la\/wp-content\/uploads\/2021\/06\/Pared-de-texturas-pu\u0301blico.jpg\" width=\"1600\" height=\"900\"><div class=\"ut-image-gallery-image-caption\"><div class=\"ut-image-gallery-item-caption-title\"><h3>Interacci\u00f3n del p\u00fablico asistente<\/h3><\/div><\/div><\/div><\/a><\/div><div data-effect=\"bounceInDown\" data-animateonce=\"yes\" data-count=\"2\" class=\"ut-image-gallery-item ut-animate-gallery-element animated   grid-50 tablet-grid-50 mobile-grid-100\"><a  class=\"ut-vc-images-lightbox ut-vc-images-lightbox-group-image\"  data-exthumbimage=\"https:\/\/www.arteenboga.com.co\/la\/wp-content\/uploads\/2021\/06\/Interaccio\u0301n-del-pu\u0301blico-200x200.jpg\" href=\"https:\/\/www.arteenboga.com.co\/la\/wp-content\/uploads\/2021\/06\/Interaccio\u0301n-del-pu\u0301blico.jpg\" data-title=\"Interaccio\u0301n-del-pu\u0301blico\" data-caption=\"\" data-caption-color=\"\" data-caption-background=\"\"><div class=\"ut-image-gallery-image\" ><img loading=\"lazy\" decoding=\"async\"  class=\" ut-lazy skip-lazy\" src=\"data:image\/svg+xml;charset=utf-8,%3Csvg xmlns%3D'http%3A%2F%2Fwww.w3.org%2F2000%2Fsvg' viewBox%3D'0 0 1600 900'%2F%3E\" data-src=\"https:\/\/www.arteenboga.com.co\/la\/wp-content\/uploads\/2021\/06\/Interaccio\u0301n-del-pu\u0301blico.jpg\" width=\"1600\" height=\"900\"><div class=\"ut-image-gallery-image-caption\"><div class=\"ut-image-gallery-item-caption-title\"><h3>Interacci\u00f3n del p\u00fablico asistente<\/h3><\/div><\/div><\/div><\/a><\/div><div class=\"ut-image-gallery-sizer\"><\/div><div class=\"clear\"><\/div><\/div><\/div>[\/vc_column][\/vc_row][vc_row][vc_column offset=\u00bbvc_col-lg-offset-2 vc_col-lg-8&#8243;][vc_column_text]<\/p>\n<h2><span style=\"vertical-align: inherit;\"><span style=\"vertical-align: inherit;\">Encuentro con el p\u00fablico:<\/span><\/span><\/h2>\n<p>En la sistematizaci\u00f3n de la experiencia se pudieron evidenciar las impresiones del p\u00fablico a partir de una serie de encuestas muy cortas. Ambas poblaciones resaltaron la importancia de percibir el arte desde otras \u00f3pticas como las que propuso la instalaci\u00f3n, as\u00ed como tambi\u00e9n el valor de la exploraci\u00f3n sensorial que se ve tan limitada en nuestro cotidiano.<\/p>\n<p>La m\u00fasica y los colores generaron diversos sentimientos y sensaciones que nutrieron la experiencia est\u00e9tica del espectador, llev\u00e1ndolos a jugar con los sentidos. El trabajo de color en la instalaci\u00f3n fue uno de los ejes conductuales para la poblaci\u00f3n sorda, pues le daban un soporte visual a la experiencia y les invitaban a marcar los ritmos y la vibraci\u00f3n de la pieza sonora. Para ambas poblaciones fue muy interesante la expresi\u00f3n creativa al sentir las frecuencias y vibraciones en todo el cuerpo, el poder plasmar esas sensaciones en la pared y transmitir a trav\u00e9s de la pintura y la escritura todo el mundo interior que se estaba viviendo.<\/p>\n<p>Es importante resaltar que en la interacci\u00f3n de la cabina, no hab\u00edan limitantes entre los dos grupos poblacionales, pues cada uno disfrutaba de la experiencia m\u00e1s all\u00e1 de sus limitaciones y diferencias, llevando a los espectadores a escuchar m\u00e1s all\u00e1 de lo auditivo, pues como lo proyectaba Laura;\u00a0<em>\u201c\u2026este proyecto no me lo imaginaba como result\u00f3, lleno de emociones, una experiencia muy bonita, llegaron personas de la poblaci\u00f3n con discapacidad auditiva y la poblaci\u00f3n oyente, estaban tan emocionados con la experiencia que quer\u00eda volver a entrar, eso fue como un logro, porque lo que yo quer\u00eda era que se sintieran muy c\u00f3modos y que jugar\u00e1n.\u201d<\/em><\/p>\n<p>La importancia de este tipo de proyectos es invaluable, pues propone otros espacios de interacci\u00f3n e inclusi\u00f3n social de estos grupos poblacionales, a partir de nuevas miradas sobre la discapacidad y record\u00e1ndonos el valor de la diferencia. Necesitamos m\u00e1s espacios de circulaci\u00f3n y difusi\u00f3n para este tipo de proyectos art\u00edsticos, que aportan sustancialmente a la transformaci\u00f3n social y la equidad desde el arte.<\/p>\n<p><em>Laura Polania<\/em>\u00a0con su instalaci\u00f3n\u00a0<em>Universo Sonoro<\/em>\u00a0tiene un gran trabajo por explotar; su ingenio y talento le permitir\u00e1 permear otros espacios art\u00edsticos para que esta iniciativa llegue a otros p\u00fablicos, integrando a diversas poblaciones en torno a experiencias sensoriales, pues como lo dec\u00eda V\u00edctor Hugo:\u00a0<em>\u201cQue\u0301 importa la sordera del o\u00eddo cuando la mente oye; la verdadera sordera, la incurable sordera es la de la mente.\u201d<\/em>\u00a0\u00a1Larga vida a este proyecto!<\/p>\n<p><strong>FICHA T\u00c9CNICA \/ Titulo:\u00a0<\/strong>Universo Sonoro: Una instalaci\u00f3n de arte sonoro y sensorial para la poblaci\u00f3n con discapacidad auditiva y la poblaci\u00f3n oyente.\u00a0<strong>\u00a0Dise\u00f1o, producci\u00f3n e investigaci\u00f3n art\u00edstica:<\/strong>\u00a0Laura Polania\u00a0<strong>Formato:<\/strong>\u00a0Instalaci\u00f3n art\u00edstica\u00a0\u00a0<strong>Pa\u00eds:<\/strong>\u00a0Colombia\u00a0<strong>A\u00f1o:<\/strong>\u00a02019[\/vc_column_text][\/vc_column][\/vc_row][\/vc_section][vc_section][vc_row][vc_column]<div class=\"wpb_content_element \"><style type=\"text\/css\">#ut_vs_69f46c6b88cb3.ut-shortcode-video-wrap .ut-video-module-caption-text span { font-weight: bold; }#ut_vs_69f46c6b88cb3.ut-shortcode-video-wrap .ut-video-module-play-icon { margin-right: 20px; }<\/style><div id=\"ut_vs_69f46c6b88cb3\" class=\"ut-shortcode-video-wrap  ut-shortcode-video-wrap-tablet- ut-shortcode-video-wrap-mobile- clearfix\" ><div id=\"ut_reveal_69f46c6b88cb5\"  class=\"ut-video-module \"><div class=\"ut-video-module-caption \"><a class=\"ut-load-video \" data-source=\"mp4\" data-autoplay=\"0\" data-nonce=\"4642b3f1d4\" data-location=\"inline\"   data-video=\"https:\/\/www.youtube.com\/watch?v=vneEeIbpCmg&amp;t=165s\" data-html=\"#ut_vid_69f46c6b8d83e\">\r\n        <img loading=\"lazy\" decoding=\"async\" data-adaptive-images=\"{&quot;300&quot;:&quot;https:\\\/\\\/www.arteenboga.com.co\\\/la\\\/wp-content\\\/uploads\\\/2021\\\/06\\\/interaccion-en-la-cabina-300x169.jpg&quot;,&quot;500&quot;:&quot;https:\\\/\\\/www.arteenboga.com.co\\\/la\\\/wp-content\\\/uploads\\\/2021\\\/06\\\/interaccion-en-la-cabina-500x281.jpg&quot;,&quot;750&quot;:&quot;https:\\\/\\\/www.arteenboga.com.co\\\/la\\\/wp-content\\\/uploads\\\/2021\\\/06\\\/interaccion-en-la-cabina-750x422.jpg&quot;,&quot;1000&quot;:&quot;https:\\\/\\\/www.arteenboga.com.co\\\/la\\\/wp-content\\\/uploads\\\/2021\\\/06\\\/interaccion-en-la-cabina-1000x563.jpg&quot;,&quot;1500&quot;:&quot;https:\\\/\\\/www.arteenboga.com.co\\\/la\\\/wp-content\\\/uploads\\\/2021\\\/06\\\/interaccion-en-la-cabina-1500x844.jpg&quot;,&quot;2500&quot;:&quot;https:\\\/\\\/www.arteenboga.com.co\\\/la\\\/wp-content\\\/uploads\\\/2021\\\/06\\\/interaccion-en-la-cabina-2500x1406.jpg&quot;}\" src=\"data:image\/svg+xml;charset=utf-8,%3Csvg xmlns%3D&#039;http%3A%2F%2Fwww.w3.org%2F2000%2Fsvg&#039; viewBox%3D&#039;0 0 1500 844&#039;%2F%3E\" width=\"1500\" height=\"844\" data-src=\"https:\/\/www.arteenboga.com.co\/la\/wp-content\/uploads\/2021\/06\/interaccion-en-la-cabina-1500x844.jpg\" data-image-id=\"9443\" class=\"ut-adaptive-image wp-post-image skip-lazy \">\r\n\r\n        <div class=\"ut-video-module-caption-text\"><div class=\"ut-video-module-inner-caption-text  ut-video-module-caption-position-default\"><div class=\"ut-video-module-play-icon \"><i class=\"Bklyn-Core-Right-6\" aria-hidden=\"true\"><\/i><\/div><span>Bit\u00e1cora audiovisual \/ resultados investigativos<\/span><\/div><\/div><\/a><\/div><div class=\"ut-video-module-loading\"><div class=\"ut-image-gallery-loader\"><div class=\"ut-image-gallery-loader-inner\"><\/div><\/div><\/div><\/div><\/div><\/div>[\/vc_column][\/vc_row][\/vc_section]<\/p>\n<\/div>","protected":false},"excerpt":{"rendered":"<p>Laura Polania, productora esc\u00e9nica y visual nos propone un juego de interacci\u00f3n de todos los sentidos, a partir de una instalaci\u00f3n de arte sonoro y sensorial para la poblaci\u00f3n con discapacidad auditiva y la poblaci\u00f3n oyente.<\/p>\n","protected":false},"author":2,"featured_media":9082,"comment_status":"closed","ping_status":"open","sticky":false,"template":"","format":"gallery","meta":{"footnotes":""},"categories":[74,83],"tags":[84,82,81,93],"class_list":["post-8957","post","type-post","status-publish","format-gallery","has-post-thumbnail","hentry","category-discapacidad-auditiva","category-instalacion-sonora-y-sensorial","tag-arte-sonoro","tag-inclusion","tag-poblaciones-diferenciales","tag-produccion-escenica-y-visual","post_format-post-format-gallery"],"_links":{"self":[{"href":"https:\/\/www.arteenboga.com.co\/la\/wp-json\/wp\/v2\/posts\/8957","targetHints":{"allow":["GET"]}}],"collection":[{"href":"https:\/\/www.arteenboga.com.co\/la\/wp-json\/wp\/v2\/posts"}],"about":[{"href":"https:\/\/www.arteenboga.com.co\/la\/wp-json\/wp\/v2\/types\/post"}],"author":[{"embeddable":true,"href":"https:\/\/www.arteenboga.com.co\/la\/wp-json\/wp\/v2\/users\/2"}],"replies":[{"embeddable":true,"href":"https:\/\/www.arteenboga.com.co\/la\/wp-json\/wp\/v2\/comments?post=8957"}],"version-history":[{"count":69,"href":"https:\/\/www.arteenboga.com.co\/la\/wp-json\/wp\/v2\/posts\/8957\/revisions"}],"predecessor-version":[{"id":9161,"href":"https:\/\/www.arteenboga.com.co\/la\/wp-json\/wp\/v2\/posts\/8957\/revisions\/9161"}],"wp:featuredmedia":[{"embeddable":true,"href":"https:\/\/www.arteenboga.com.co\/la\/wp-json\/wp\/v2\/media\/9082"}],"wp:attachment":[{"href":"https:\/\/www.arteenboga.com.co\/la\/wp-json\/wp\/v2\/media?parent=8957"}],"wp:term":[{"taxonomy":"category","embeddable":true,"href":"https:\/\/www.arteenboga.com.co\/la\/wp-json\/wp\/v2\/categories?post=8957"},{"taxonomy":"post_tag","embeddable":true,"href":"https:\/\/www.arteenboga.com.co\/la\/wp-json\/wp\/v2\/tags?post=8957"}],"curies":[{"name":"wp","href":"https:\/\/api.w.org\/{rel}","templated":true}]}}