{"id":12373,"date":"2023-10-11T18:00:01","date_gmt":"2023-10-11T18:00:01","guid":{"rendered":"https:\/\/www.arteenboga.com.co\/la\/?p=12373"},"modified":"2025-05-10T04:04:12","modified_gmt":"2025-05-10T04:04:12","slug":"narrativas-sonoras","status":"publish","type":"post","link":"https:\/\/www.arteenboga.com.co\/la\/narrativas-sonoras\/","title":{"rendered":"\u00abRedescubriendo la oscuridad, narrativas sonoras de nuestros territorios\u00bb"},"content":{"rendered":"<div class=\"wpb-content-wrapper\"><p>[vc_section][vc_row][vc_column][vc_empty_space][\/vc_column][\/vc_row][vc_row][vc_column width=\u00bb2\/3&#8243;]<div  class=\"wpb_content_element   clearfix\"><style type=\"text\/css\">#ut_am_69f093a69aa4b { opacity: 1; }#ut_am_wrap_69f093a69aa4c .ut-image-gallery-item-caption-title h3 { letter-spacing: 0em; }#ut_am_wrap_69f093a69aa4c .ut-gallery-slider-caption { font-weight: bold; }#ut_am_wrap_69f093a69aa4c { text-align: left; }@media (min-width: 768px) and (max-width: 1024px) { #ut_am_wrap_69f093a69aa4c { text-align: left !important; } }@media (max-width: 767px) { #ut_am_wrap_69f093a69aa4c { text-align: center !important; } }<\/style><div id=\"ut_am_wrap_69f093a69aa4c\" class=\"ut-image-gallery-image \"><div id=\"ut_reveal_69f093a69aa4d\"  data-appear-top-offset=\"auto\" class=\"ut-animated-image-item ut-image-gallery-item ut-animation-done \"><a class=\"ut-deactivated-link\" href=\"#\"><div class=\"ut-animated-image-zoom\"><img loading=\"lazy\" decoding=\"async\" class=\"ut-lazy skip-lazy ut-animated-image \"  id=\"ut_am_69f093a69aa4b\" src=\"data:image\/svg+xml;charset=utf-8,%3Csvg xmlns%3D'http%3A%2F%2Fwww.w3.org%2F2000%2Fsvg' viewBox%3D'0 0 1165 377'%2F%3E\" data-src=\"https:\/\/www.arteenboga.com.co\/la\/wp-content\/uploads\/2023\/10\/Captura-de-Pantalla-2023-10-14-a-las-1.57.52.png\" width=\"1165\" height=\"377\" alt=\"\"\/><\/div><\/a><\/div><\/div><\/div><style type=\"text\/css\">#ut_custom_heading69f093a69ac8c { color:#28b1bd; }#ut_custom_heading69f093a69ac8c { font-family: \"Poppins\";font-weight:500;font-style:normal; }#ut_custom_heading69f093a69ac8c { font-size:22px !important; }#ut_custom_heading69f093a69ac8c { font-style:normal; }#ut_custom_heading69f093a69ac8c { text-align:right; }@media (min-width: 768px) and (max-width: 1024px) { #ut_custom_heading69f093a69ac8c { text-align:right; } }@media (max-width: 767px) { #ut_custom_heading69f093a69ac8c { text-align:right; } }<\/style><h2 id=\"ut_custom_heading69f093a69ac8c\" data-responsive-font=\"h2\" data-responsive-font-settings=\"{&quot;base-font-size&quot;:&quot;22&quot;,&quot;font-size-unit&quot;:&quot;px&quot;,&quot;font-size&quot;:{&quot;desktop_large&quot;:&quot;22&quot;},&quot;base-line-height&quot;:&quot;global&quot;,&quot;base-letter-spacing&quot;:&quot;global&quot;}\" class=\"ut-custom-heading-module  \" ><span class=\"\" >Arte en Boga y Redescubriendo la Oscuridad se unen una vez m\u00e1s para propiciar un espacio dedicado a la creaci\u00f3n teatral a trav\u00e9s de los sentidos. En el marco de la beca \u00abTerritorios Activos\u00bb del PDE 2023, han desarrollado un programa formativo centrado en la creaci\u00f3n sonora. Este enfoque busca explorar c\u00f3mo el sonido puede ser un material sensible capaz de reflejar y permitir la apropiaci\u00f3n de nuestros territorios.<\/span><\/h2>[vc_separator color=\u00bbpurple\u00bb style=\u00bbdouble\u00bb border_width=\u00bb2&#8243; css_animation=\u00bbnone\u00bb][\/vc_column][vc_column width=\u00bb1\/3&#8243;]<div  class=\"wpb_content_element   clearfix\"><style type=\"text\/css\">#ut_am_69f093a69fd7d { opacity: 1; }#ut_am_wrap_69f093a69fd7f .ut-image-gallery-item-caption-title h3 { color: #25ede6; }#ut_am_wrap_69f093a69fd7f .ut-image-gallery-item-caption-title-style-2 h3 { color: #25ede6; }#ut_am_wrap_69f093a69fd7f .ut-image-gallery-item.ut-animation-done:hover .ut-image-gallery-image-caption, #ut_am_wrap_69f093a69fd7f .ut-image-gallery-item.ut-element-is-animating:hover .ut-image-gallery-image-caption { background: #000000; }#ut_am_wrap_69f093a69fd7f .ut-image-gallery-item .ut-image-gallery-image-caption-style-2 { background: #000000; }#ut_am_wrap_69f093a69fd7f .ut-animated-image-zoom::after { background: url(https:\/\/www.arteenboga.com.co\/la\/wp-content\/uploads\/2023\/10\/perfiles-criticas-sensorial.jpg); }#ut_am_wrap_69f093a69fd7f .ut-image-gallery-item-caption-title-style-2 h3 { font-weight: normal; }#ut_am_wrap_69f093a69fd7f .ut-image-gallery-item-caption-title-style-2 h3 { letter-spacing: -0.03em; }#ut_am_wrap_69f093a69fd7f .ut-image-gallery-item-caption-title-style-2 h3 { font-size: 20; }#ut_am_wrap_69f093a69fd7f .ut-gallery-slider-caption { color: #1fc6b6; }#ut_am_wrap_69f093a69fd7f .ut-gallery-slider-caption { font-weight: bold; }#ut_am_wrap_69f093a69fd7f { text-align: center; }@media (min-width: 768px) and (max-width: 1024px) { #ut_am_wrap_69f093a69fd7f { text-align: center !important; } }@media (max-width: 767px) { #ut_am_wrap_69f093a69fd7f { text-align: center !important; } }<\/style><div id=\"ut_am_wrap_69f093a69fd7f\" class=\"ut-image-gallery-image \"><div id=\"ut_reveal_69f093a69fd80\"  data-appear-top-offset=\"auto\" class=\"ut-animated-image-item ut-image-gallery-item ut-animation-done \"><a class=\"ut-deactivated-link\" href=\"#\"><div class=\"ut-animated-image-zoom\"><img loading=\"lazy\" decoding=\"async\" class=\"ut-lazy skip-lazy ut-animated-image \" title=\"perfiles-criticas-sensorial\" id=\"ut_am_69f093a69fd7d\" src=\"data:image\/svg+xml;charset=utf-8,%3Csvg xmlns%3D'http%3A%2F%2Fwww.w3.org%2F2000%2Fsvg' viewBox%3D'0 0 300 380'%2F%3E\" data-src=\"https:\/\/www.arteenboga.com.co\/la\/wp-content\/uploads\/2023\/10\/perfiles-criticas-sensorial.jpg\" width=\"300\" height=\"380\" alt=\"\"\/><\/div><div data-image-caption class=\"ut-image-gallery-image-caption-style-2\"><div class=\"ut-image-gallery-item-caption-title-style-2\"><h3>Arte en Boga E-learning II<\/h3><\/div><\/div><\/a><\/div><\/div><\/div>[\/vc_column][\/vc_row][vc_row][vc_column offset=\u00bbvc_col-lg-offset-2 vc_col-lg-8&#8243;][vc_column_text]<\/p>\n<h2>REDESCUBRIENDO LA OSCURIDAD: UNA MIRADA SOBRE LOS TERRITORIOS A TRAV\u00c9S DE LO SENSORIAL<\/h2>\n<p>\u00bfQu\u00e9 entendemos por teatro sensorial? \u00bfC\u00f3mo podemos aproximarnos a la creaci\u00f3n teatral a trav\u00e9s de los sentidos? Estas preguntas fueron el eje transversal en todo el proceso formativo, enriqueciendo los espacios de creaci\u00f3n y experimentaci\u00f3n desde una perspectiva sobre los territorios que habitamos y c\u00f3mo este concepto reson\u00f3 en cada uno de los participantes y en las propuestas generadas. Aunque el teatro sensorial integra diversas experiencias est\u00e9ticas para los cinco sentidos, la propuesta de \u00abRedescubriendo la Oscuridad\u00bb excluye el sentido de la vista para sumergirse en la creaci\u00f3n en la penumbra, invitando a un p\u00fablico m\u00e1s diverso e inclusivo a disfrutar del teatro con otros sentidos.<\/p>\n<p>Para iniciar este viaje, los participantes se aproximaron a la escritura. A trav\u00e9s de una serie de ejercicios creativos, pusieron en pr\u00e1ctica sus conocimientos sobre la estructura dram\u00e1tica de una obra, as\u00ed como tambi\u00e9n la exploraci\u00f3n y experimentaci\u00f3n sensible del \u00e1mbito \u00absonoro\u00bb como elemento central en este tipo de creaci\u00f3n teatral. Todo esto, atravesado por el concepto de \u00abterritorio\u00bb que cada participante construy\u00f3 y reconfigur\u00f3 durante el trabajo de campo realizado para la creaci\u00f3n de las piezas sonoras finales.[\/vc_column_text][\/vc_column][\/vc_row][vc_row][vc_column width=\u00bb1\/4&#8243; offset=\u00bbvc_col-lg-offset-2 vc_col-lg-8&#8243;]<div class=\"wpb_content_element \"><style type=\"text\/css\">#ut_vs_69f093a6a0089.ut-shortcode-video-wrap .ut-video-module-caption-text span { font-weight: bold; }<\/style><div id=\"ut_vs_69f093a6a0089\" class=\"ut-shortcode-video-wrap  ut-shortcode-video-wrap-tablet- ut-shortcode-video-wrap-mobile- clearfix\" ><div id=\"ut_reveal_69f093a6a008a\"  class=\"ut-video-module \"><div class=\"ut-video-module-caption \"><a class=\"ut-load-video \" data-source=\"mp4\" data-autoplay=\"0\" data-nonce=\"a06ed744fe\" data-location=\"inline\"   data-video=\"https:\/\/www.arteenboga.com.co\/la\/wp-content\/uploads\/2023\/10\/corto-teatro-sensorial.mp4\" data-html=\"#ut_vid_69f093a6a4f15\">\r\n        <img loading=\"lazy\" decoding=\"async\" data-adaptive-images=\"{&quot;300&quot;:&quot;https:\\\/\\\/www.arteenboga.com.co\\\/la\\\/wp-content\\\/uploads\\\/2023\\\/10\\\/PORTADASMOODLEsensorial-300x169.jpg&quot;,&quot;500&quot;:&quot;https:\\\/\\\/www.arteenboga.com.co\\\/la\\\/wp-content\\\/uploads\\\/2023\\\/10\\\/PORTADASMOODLEsensorial-500x281.jpg&quot;,&quot;750&quot;:&quot;https:\\\/\\\/www.arteenboga.com.co\\\/la\\\/wp-content\\\/uploads\\\/2023\\\/10\\\/PORTADASMOODLEsensorial-750x422.jpg&quot;,&quot;1000&quot;:&quot;https:\\\/\\\/www.arteenboga.com.co\\\/la\\\/wp-content\\\/uploads\\\/2023\\\/10\\\/PORTADASMOODLEsensorial-1000x562.jpg&quot;,&quot;1500&quot;:&quot;https:\\\/\\\/www.arteenboga.com.co\\\/la\\\/wp-content\\\/uploads\\\/2023\\\/10\\\/PORTADASMOODLEsensorial-1500x843.jpg&quot;,&quot;2500&quot;:&quot;https:\\\/\\\/www.arteenboga.com.co\\\/la\\\/wp-content\\\/uploads\\\/2023\\\/10\\\/PORTADASMOODLEsensorial-2500x1405.jpg&quot;}\" src=\"data:image\/svg+xml;charset=utf-8,%3Csvg xmlns%3D&#039;http%3A%2F%2Fwww.w3.org%2F2000%2Fsvg&#039; viewBox%3D&#039;0 0 1500 843&#039;%2F%3E\" width=\"1500\" height=\"843\" data-src=\"https:\/\/www.arteenboga.com.co\/la\/wp-content\/uploads\/2023\/10\/PORTADASMOODLEsensorial-1500x843.jpg\" data-image-id=\"12392\" class=\"ut-adaptive-image wp-post-image skip-lazy \">\r\n\r\n        <div class=\"ut-video-module-caption-text\"><div class=\"ut-video-module-inner-caption-text ut-video-module-empty-caption ut-video-module-caption-position-default\"><div class=\"ut-video-module-play-icon \"><i class=\"Bklyn-Core-Right-6\" aria-hidden=\"true\"><\/i><\/div><\/div><\/div><\/a><\/div><div class=\"ut-video-module-loading\"><div class=\"ut-image-gallery-loader\"><div class=\"ut-image-gallery-loader-inner\"><\/div><\/div><\/div><\/div><\/div><\/div>[\/vc_column][vc_column width=\u00bb1\/2&#8243;][\/vc_column][vc_column width=\u00bb1\/4&#8243;][\/vc_column][\/vc_row][vc_row][vc_column offset=\u00bbvc_col-lg-offset-2 vc_col-lg-8&#8243;][vc_column_text]<\/p>\n<h2>SUS APUESTAS CREATIVAS<\/h2>\n<p>Los ejercicios presentados a continuaci\u00f3n constituyen las primeras aproximaciones al trabajo creativo en el marco del dispositivo de \u00abteatro sensorial\u00bb, especialmente en lo que concierne a la creaci\u00f3n sonora para este lenguaje teatral. Es relevante destacar que estas aproximaciones pueden ampliarse con una variedad de est\u00edmulos sensoriales m\u00e1s all\u00e1 de lo sonoro, enriqueciendo as\u00ed la experiencia inmersiva del espectador y consolidando una conexi\u00f3n m\u00e1s profunda con la obra presentada.<\/p>\n<p>Les invitamos a sumergirse en la oscuridad y a redescubrir nuestros territorios a trav\u00e9s de los sentidos.[\/vc_column_text][\/vc_column][\/vc_row][vc_row][vc_column offset=\u00bbvc_col-lg-offset-2 vc_col-lg-8&#8243;]<style type=\"text\/css\">#ut_custom_heading69f093a6a4fe1 { color:#28b1bd; }#ut_custom_heading69f093a6a4fe1 { font-family: \"Poppins\";font-weight:500;font-style:normal; }#ut_custom_heading69f093a6a4fe1 { font-size:22px !important; }#ut_custom_heading69f093a6a4fe1 { font-style:normal; }#ut_custom_heading69f093a6a4fe1 { text-align:right; }@media (min-width: 768px) and (max-width: 1024px) { #ut_custom_heading69f093a6a4fe1 { text-align:right; } }@media (max-width: 767px) { #ut_custom_heading69f093a6a4fe1 { text-align:right; } }<\/style><h2 id=\"ut_custom_heading69f093a6a4fe1\" data-responsive-font=\"h2\" data-responsive-font-settings=\"{&quot;base-font-size&quot;:&quot;22&quot;,&quot;font-size-unit&quot;:&quot;px&quot;,&quot;font-size&quot;:{&quot;desktop_large&quot;:&quot;22&quot;},&quot;base-line-height&quot;:&quot;global&quot;,&quot;base-letter-spacing&quot;:&quot;global&quot;}\" class=\"ut-custom-heading-module  \" ><span class=\"\" ><a class=\"spreaker-player\" href=\"https:\/\/www.spreaker.com\/episode\/57231944\" data-resource=\"episode_id=57231944\" data-width=\"100%\" data-height=\"200px\" data-theme=\"light\" data-playlist=\"false\" data-playlist-continuous=\"false\" data-chapters-image=\"true\" data-episode-image-position=\"left\" data-hide-logo=\"false\" data-hide-likes=\"false\" data-hide-comments=\"false\" data-hide-sharing=\"false\" data-hide-download=\"true\" data-cover=\"https%3A%2F%2Fd3wo5wojvuv7l.cloudfront.net%2Fimages.spreaker.com%2Foriginal%2Ff5364c9a32be682a2b07838ab0ead70b.jpg\">Listen to \u00abObra \u00abMilagros\u00bb Katherine Mateus\u00bb on Spreaker.<\/a><\/p>\n<p><script async src=\"https:\/\/widget.spreaker.com\/widgets.js\"><\/script><\/span><\/h2>[vc_column_text]<\/p>\n<h2 class=\"p2\">MILAGROS<\/h2>\n<p class=\"p2\">Diana Katherine Mateus es nativa de los verdes campos Boyacenses, fiel amante de los animales y el campo. Es maestra en Artes Esc\u00e9nicas de la Universidad Distrital, Facultad de Artes ASAB.\u00a0 Bailarina emp\u00edrica, docente en una escuela de formaci\u00f3n de actores y actriz de medios audiovisuales. Gracias a un acercamiento reciente con la lengua de se\u00f1as, se ha sumergido en la investigaci\u00f3n de los formatos esc\u00e9nicos no convencionales e incluyentes, camino que ha forjado una curiosidad latente en adquirir conocimientos funcionales que le permitan descentralizar su arte.<\/p>\n<p>[\/vc_column_text]<style type=\"text\/css\">#ut_custom_heading69f093a6a507e { color:#28b1bd; }#ut_custom_heading69f093a6a507e { font-family: \"Poppins\";font-weight:500;font-style:normal; }#ut_custom_heading69f093a6a507e { font-size:22px !important; }#ut_custom_heading69f093a6a507e { font-style:normal; }#ut_custom_heading69f093a6a507e { text-align:right; }@media (min-width: 768px) and (max-width: 1024px) { #ut_custom_heading69f093a6a507e { text-align:right; } }@media (max-width: 767px) { #ut_custom_heading69f093a6a507e { text-align:right; } }<\/style><h2 id=\"ut_custom_heading69f093a6a507e\" data-responsive-font=\"h2\" data-responsive-font-settings=\"{&quot;base-font-size&quot;:&quot;22&quot;,&quot;font-size-unit&quot;:&quot;px&quot;,&quot;font-size&quot;:{&quot;desktop_large&quot;:&quot;22&quot;},&quot;base-line-height&quot;:&quot;global&quot;,&quot;base-letter-spacing&quot;:&quot;global&quot;}\" class=\"ut-custom-heading-module  \" ><span class=\"\" ><a class=\"spreaker-player\" href=\"https:\/\/www.spreaker.com\/episode\/57231971\" data-resource=\"episode_id=57231971\" data-width=\"100%\" data-height=\"100px\" data-theme=\"light\" data-playlist=\"false\" data-playlist-continuous=\"false\" data-chapters-image=\"true\" data-episode-image-position=\"left\" data-hide-logo=\"false\" data-hide-likes=\"false\" data-hide-comments=\"false\" data-hide-sharing=\"false\" data-hide-download=\"true\">Listen to \u00abOpiniones \u00abMilagros\u00bb\u00bb on Spreaker.<\/a><\/p>\n<p><script async src=\"https:\/\/widget.spreaker.com\/widgets.js\"><\/script><\/span><\/h2>[vc_separator color=\u00bbcustom\u00bb accent_color=\u00bb#dddddd\u00bb][\/vc_column][\/vc_row][vc_row][vc_column offset=\u00bbvc_col-lg-offset-2 vc_col-lg-8&#8243;]<style type=\"text\/css\">#ut_custom_heading69f093a6a5116 { color:#28b1bd; }#ut_custom_heading69f093a6a5116 { font-family: \"Poppins\";font-weight:500;font-style:normal; }#ut_custom_heading69f093a6a5116 { font-size:22px !important; }#ut_custom_heading69f093a6a5116 { font-style:normal; }#ut_custom_heading69f093a6a5116 { text-align:right; }@media (min-width: 768px) and (max-width: 1024px) { #ut_custom_heading69f093a6a5116 { text-align:right; } }@media (max-width: 767px) { #ut_custom_heading69f093a6a5116 { text-align:right; } }<\/style><h2 id=\"ut_custom_heading69f093a6a5116\" data-responsive-font=\"h2\" data-responsive-font-settings=\"{&quot;base-font-size&quot;:&quot;22&quot;,&quot;font-size-unit&quot;:&quot;px&quot;,&quot;font-size&quot;:{&quot;desktop_large&quot;:&quot;22&quot;},&quot;base-line-height&quot;:&quot;global&quot;,&quot;base-letter-spacing&quot;:&quot;global&quot;}\" class=\"ut-custom-heading-module  \" ><span class=\"\" ><a class=\"spreaker-player\" href=\"https:\/\/www.spreaker.com\/episode\/57231942\" data-resource=\"episode_id=57231942\" data-width=\"100%\" data-height=\"200px\" data-theme=\"light\" data-playlist=\"false\" data-playlist-continuous=\"false\" data-chapters-image=\"true\" data-episode-image-position=\"left\" data-hide-logo=\"false\" data-hide-likes=\"false\" data-hide-comments=\"false\" data-hide-sharing=\"false\" data-hide-download=\"true\" data-cover=\"https%3A%2F%2Fd3wo5wojvuv7l.cloudfront.net%2Fimages.spreaker.com%2Foriginal%2F64f50873a48ba6767796b64cb3f37f38.jpg\">Listen to \u00abObra \u00abEl limbo\u00bb Victoria Mcnish\u00bb on Spreaker.<\/a><\/p>\n<p><script async src=\"https:\/\/widget.spreaker.com\/widgets.js\"><\/script><\/span><\/h2>[vc_column_text]<\/p>\n<h2 class=\"p2\">EL LIMBO<\/h2>\n<p class=\"p2\">Victoria Mcnish tiene 18 a\u00f1os, es de la isla de San Andr\u00e9s y desde peque\u00f1a descubri\u00f3 que su gran amor es el arte. Por esto, actualmente se encuentra haciendo una licenciatura en artes esc\u00e9nicas para dedicar de forma profesional su vida al arte, a hacer arte, a promover el arte y por supuesto, a ense\u00f1ar arte.<\/p>\n<p>[\/vc_column_text]<style type=\"text\/css\">#ut_custom_heading69f093a6a5181 { color:#28b1bd; }#ut_custom_heading69f093a6a5181 { font-family: \"Poppins\";font-weight:500;font-style:normal; }#ut_custom_heading69f093a6a5181 { font-size:22px !important; }#ut_custom_heading69f093a6a5181 { font-style:normal; }#ut_custom_heading69f093a6a5181 { text-align:right; }@media (min-width: 768px) and (max-width: 1024px) { #ut_custom_heading69f093a6a5181 { text-align:right; } }@media (max-width: 767px) { #ut_custom_heading69f093a6a5181 { text-align:right; } }<\/style><h2 id=\"ut_custom_heading69f093a6a5181\" data-responsive-font=\"h2\" data-responsive-font-settings=\"{&quot;base-font-size&quot;:&quot;22&quot;,&quot;font-size-unit&quot;:&quot;px&quot;,&quot;font-size&quot;:{&quot;desktop_large&quot;:&quot;22&quot;},&quot;base-line-height&quot;:&quot;global&quot;,&quot;base-letter-spacing&quot;:&quot;global&quot;}\" class=\"ut-custom-heading-module  \" ><span class=\"\" ><a class=\"spreaker-player\" href=\"https:\/\/www.spreaker.com\/episode\/57231972\" data-resource=\"episode_id=57231972\" data-width=\"100%\" data-height=\"100px\" data-theme=\"light\" data-playlist=\"false\" data-playlist-continuous=\"false\" data-chapters-image=\"true\" data-episode-image-position=\"left\" data-hide-logo=\"false\" data-hide-likes=\"false\" data-hide-comments=\"false\" data-hide-sharing=\"false\" data-hide-download=\"true\">Listen to \u00abOpiniones \u00abEl limbo\u00bb\u00bb on Spreaker.<\/a><\/p>\n<p><script async src=\"https:\/\/widget.spreaker.com\/widgets.js\"><\/script><\/span><\/h2>[vc_separator color=\u00bbcustom\u00bb accent_color=\u00bb#dddddd\u00bb][\/vc_column][\/vc_row][vc_row][vc_column offset=\u00bbvc_col-lg-offset-2 vc_col-lg-8&#8243;]<style type=\"text\/css\">#ut_custom_heading69f093a6a51e7 { color:#28b1bd; }#ut_custom_heading69f093a6a51e7 { font-family: \"Poppins\";font-weight:500;font-style:normal; }#ut_custom_heading69f093a6a51e7 { font-size:22px !important; }#ut_custom_heading69f093a6a51e7 { font-style:normal; }#ut_custom_heading69f093a6a51e7 { text-align:right; }@media (min-width: 768px) and (max-width: 1024px) { #ut_custom_heading69f093a6a51e7 { text-align:right; } }@media (max-width: 767px) { #ut_custom_heading69f093a6a51e7 { text-align:right; } }<\/style><h2 id=\"ut_custom_heading69f093a6a51e7\" data-responsive-font=\"h2\" data-responsive-font-settings=\"{&quot;base-font-size&quot;:&quot;22&quot;,&quot;font-size-unit&quot;:&quot;px&quot;,&quot;font-size&quot;:{&quot;desktop_large&quot;:&quot;22&quot;},&quot;base-line-height&quot;:&quot;global&quot;,&quot;base-letter-spacing&quot;:&quot;global&quot;}\" class=\"ut-custom-heading-module  \" ><span class=\"\" ><a class=\"spreaker-player\" href=\"https:\/\/www.spreaker.com\/episode\/57231943\" data-resource=\"episode_id=57231943\" data-width=\"100%\" data-height=\"200px\" data-theme=\"light\" data-playlist=\"false\" data-playlist-continuous=\"false\" data-chapters-image=\"true\" data-episode-image-position=\"left\" data-hide-logo=\"false\" data-hide-likes=\"false\" data-hide-comments=\"false\" data-hide-sharing=\"false\" data-hide-download=\"true\" data-cover=\"https%3A%2F%2Fd3wo5wojvuv7l.cloudfront.net%2Fimages.spreaker.com%2Foriginal%2F0943fb4d6eac707c83f63abdf3868b12.jpg\">Listen to \u00abObra \u00abVoces inquietas\u00bb Angelica Ospina\u00bb on Spreaker.<\/a><\/p>\n<p><script async src=\"https:\/\/widget.spreaker.com\/widgets.js\"><\/script><\/span><\/h2>[vc_column_text]<\/p>\n<h2 class=\"p2\">VOCES INQUIETAS<\/h2>\n<p class=\"p2\">Mar\u00eda Angelica Ospina tiene 21 a\u00f1os, actualmente es estudiante de terapia ocupacional, tambi\u00e9n actriz de teatro y artista circense. Le gusta aprender cosas que se vinculen con ambas profesiones y este taller logro involucrarlas, nos comparte fue una experiencia incre\u00edble realizar este producto, el cual transmite lo que vive una persona con esquizofrenia. Decidi\u00f3 abordar este tema porque su abuela tuvo esquizofrenia y se suicid\u00f3 a causa de ello, por eso mismo quiere hacer visible la realidad de muchas personas que la padecen y lo importante que es hablar de la salud mental desde la empat\u00eda y el amor.<\/p>\n<p>[\/vc_column_text]<style type=\"text\/css\">#ut_custom_heading69f093a6a524b { color:#28b1bd; }#ut_custom_heading69f093a6a524b { font-family: \"Poppins\";font-weight:500;font-style:normal; }#ut_custom_heading69f093a6a524b { font-size:22px !important; }#ut_custom_heading69f093a6a524b { font-style:normal; }#ut_custom_heading69f093a6a524b { text-align:right; }@media (min-width: 768px) and (max-width: 1024px) { #ut_custom_heading69f093a6a524b { text-align:right; } }@media (max-width: 767px) { #ut_custom_heading69f093a6a524b { text-align:right; } }<\/style><h2 id=\"ut_custom_heading69f093a6a524b\" data-responsive-font=\"h2\" data-responsive-font-settings=\"{&quot;base-font-size&quot;:&quot;22&quot;,&quot;font-size-unit&quot;:&quot;px&quot;,&quot;font-size&quot;:{&quot;desktop_large&quot;:&quot;22&quot;},&quot;base-line-height&quot;:&quot;global&quot;,&quot;base-letter-spacing&quot;:&quot;global&quot;}\" class=\"ut-custom-heading-module  \" ><span class=\"\" ><a class=\"spreaker-player\" href=\"https:\/\/www.spreaker.com\/episode\/57231973\" data-resource=\"episode_id=57231973\" data-width=\"100%\" data-height=\"100px\" data-theme=\"light\" data-playlist=\"false\" data-playlist-continuous=\"false\" data-chapters-image=\"true\" data-episode-image-position=\"left\" data-hide-logo=\"false\" data-hide-likes=\"false\" data-hide-comments=\"false\" data-hide-sharing=\"false\" data-hide-download=\"true\">Listen to \u00abOpiniones \u00abVoces inquietas\u00bb\u00bb on Spreaker.<\/a><\/p>\n<p><script async src=\"https:\/\/widget.spreaker.com\/widgets.js\"><\/script><\/span><\/h2>[vc_separator color=\u00bbcustom\u00bb accent_color=\u00bb#dddddd\u00bb][\/vc_column][\/vc_row][vc_row][vc_column offset=\u00bbvc_col-lg-offset-2 vc_col-lg-8&#8243;]<style type=\"text\/css\">#ut_custom_heading69f093a6a52ad { color:#28b1bd; }#ut_custom_heading69f093a6a52ad { font-family: \"Poppins\";font-weight:500;font-style:normal; }#ut_custom_heading69f093a6a52ad { font-size:22px !important; }#ut_custom_heading69f093a6a52ad { font-style:normal; }#ut_custom_heading69f093a6a52ad { text-align:right; }@media (min-width: 768px) and (max-width: 1024px) { #ut_custom_heading69f093a6a52ad { text-align:right; } }@media (max-width: 767px) { #ut_custom_heading69f093a6a52ad { text-align:right; } }<\/style><h2 id=\"ut_custom_heading69f093a6a52ad\" data-responsive-font=\"h2\" data-responsive-font-settings=\"{&quot;base-font-size&quot;:&quot;22&quot;,&quot;font-size-unit&quot;:&quot;px&quot;,&quot;font-size&quot;:{&quot;desktop_large&quot;:&quot;22&quot;},&quot;base-line-height&quot;:&quot;global&quot;,&quot;base-letter-spacing&quot;:&quot;global&quot;}\" class=\"ut-custom-heading-module  \" ><span class=\"\" ><a class=\"spreaker-player\" href=\"https:\/\/www.spreaker.com\/episode\/57231941\" data-resource=\"episode_id=57231941\" data-width=\"100%\" data-height=\"200px\" data-theme=\"light\" data-playlist=\"false\" data-playlist-continuous=\"false\" data-chapters-image=\"true\" data-episode-image-position=\"left\" data-hide-logo=\"false\" data-hide-likes=\"false\" data-hide-comments=\"false\" data-hide-sharing=\"false\" data-hide-download=\"true\" data-cover=\"https%3A%2F%2Fd3wo5wojvuv7l.cloudfront.net%2Fimages.spreaker.com%2Foriginal%2Fc060968a0ed63614daf4dd6583828021.jpg\">Listen to \u00abObra \u00bb Contemplaci\u00f3n: matando la productividad\u00bb\u00bb on Spreaker.<\/a><\/p>\n<p><script async src=\"https:\/\/widget.spreaker.com\/widgets.js\"><\/script><\/span><\/h2>[vc_column_text]<\/p>\n<h2 class=\"p2\">CONTEMPLACI\u00d3N: MATANDO LA PRODUCTIVIDAD<\/h2>\n<p class=\"p2\">Daniela \u00c1ngel Madrid, Licenciada en Comunicadora Social y Periodista de TV. Actriz de Teatro, Cine y Televisi\u00f3n de Academia Talentoso Efra\u00edn Arce Arag\u00f3n. En una era dominada por la sobresaturaci\u00f3n de informaci\u00f3n, la masificaci\u00f3n de la mente y la exigencia interminable de un sistema econ\u00f3mico neoliberal, solo los caminos del autodescubrimiento, la conexi\u00f3n del cuerpo con el territorio y la b\u00fasqueda de la solidaridad conducen a la creaci\u00f3n de v\u00ednculos desinteresados generando significados de vida que no sirven para un sistema productivo, pero llenan el alma mediante la contemplaci\u00f3n genuina de la esencia y belleza de la vida.<\/p>\n<p>[\/vc_column_text]<style type=\"text\/css\">#ut_custom_heading69f093a6a530d { color:#28b1bd; }#ut_custom_heading69f093a6a530d { font-family: \"Poppins\";font-weight:500;font-style:normal; }#ut_custom_heading69f093a6a530d { font-size:22px !important; }#ut_custom_heading69f093a6a530d { font-style:normal; }#ut_custom_heading69f093a6a530d { text-align:right; }@media (min-width: 768px) and (max-width: 1024px) { #ut_custom_heading69f093a6a530d { text-align:right; } }@media (max-width: 767px) { #ut_custom_heading69f093a6a530d { text-align:right; } }<\/style><h2 id=\"ut_custom_heading69f093a6a530d\" data-responsive-font=\"h2\" data-responsive-font-settings=\"{&quot;base-font-size&quot;:&quot;22&quot;,&quot;font-size-unit&quot;:&quot;px&quot;,&quot;font-size&quot;:{&quot;desktop_large&quot;:&quot;22&quot;},&quot;base-line-height&quot;:&quot;global&quot;,&quot;base-letter-spacing&quot;:&quot;global&quot;}\" class=\"ut-custom-heading-module  \" ><span class=\"\" ><a class=\"spreaker-player\" href=\"https:\/\/www.spreaker.com\/episode\/57231977\" data-resource=\"episode_id=57231977\" data-width=\"100%\" data-height=\"100px\" data-theme=\"light\" data-playlist=\"false\" data-playlist-continuous=\"false\" data-chapters-image=\"true\" data-episode-image-position=\"left\" data-hide-logo=\"false\" data-hide-likes=\"false\" data-hide-comments=\"false\" data-hide-sharing=\"false\" data-hide-download=\"true\">Listen to \u00abOpiniones \u00abContemplaci\u00f3n: matando la productividad\u00bb\u00bb on Spreaker.<\/a><\/p>\n<p><script async src=\"https:\/\/widget.spreaker.com\/widgets.js\"><\/script><\/span><\/h2>[vc_separator color=\u00bbcustom\u00bb accent_color=\u00bb#dddddd\u00bb][\/vc_column][\/vc_row][vc_row][vc_column offset=\u00bbvc_col-lg-offset-2 vc_col-lg-8&#8243;]<style type=\"text\/css\">#ut_custom_heading69f093a6a5379 { color:#28b1bd; }#ut_custom_heading69f093a6a5379 { font-family: \"Poppins\";font-weight:500;font-style:normal; }#ut_custom_heading69f093a6a5379 { font-size:22px !important; }#ut_custom_heading69f093a6a5379 { font-style:normal; }#ut_custom_heading69f093a6a5379 { text-align:right; }@media (min-width: 768px) and (max-width: 1024px) { #ut_custom_heading69f093a6a5379 { text-align:right; } }@media (max-width: 767px) { #ut_custom_heading69f093a6a5379 { text-align:right; } }<\/style><h2 id=\"ut_custom_heading69f093a6a5379\" data-responsive-font=\"h2\" data-responsive-font-settings=\"{&quot;base-font-size&quot;:&quot;22&quot;,&quot;font-size-unit&quot;:&quot;px&quot;,&quot;font-size&quot;:{&quot;desktop_large&quot;:&quot;22&quot;},&quot;base-line-height&quot;:&quot;global&quot;,&quot;base-letter-spacing&quot;:&quot;global&quot;}\" class=\"ut-custom-heading-module  \" ><span class=\"\" ><a class=\"spreaker-player\" href=\"https:\/\/www.spreaker.com\/episode\/57231947\" data-resource=\"episode_id=57231947\" data-width=\"100%\" data-height=\"200px\" data-theme=\"light\" data-playlist=\"false\" data-playlist-continuous=\"false\" data-chapters-image=\"true\" data-episode-image-position=\"left\" data-hide-logo=\"false\" data-hide-likes=\"false\" data-hide-comments=\"false\" data-hide-sharing=\"false\" data-hide-download=\"true\" data-cover=\"https%3A%2F%2Fd3wo5wojvuv7l.cloudfront.net%2Fimages.spreaker.com%2Foriginal%2Fbd3ec51e6126b24389bf35b90cba8096.jpg\">Listen to \u00abObra \u00abNo quiero ruidos mundanos, quiero susurros del viento\u00bb\u00bb on Spreaker.<\/a><\/p>\n<p><script async src=\"https:\/\/widget.spreaker.com\/widgets.js\"><\/script><\/span><\/h2>[vc_column_text]<\/p>\n<h2 class=\"p2\">NO QUIERO RUIDOS MUNDANOS, QUIERO SUSURROS DEL VIENTO<\/h2>\n<p class=\"p2\">David Esteban Moreno tiene 27 a\u00f1os, vive en la ciudad de Bogot\u00e1, es arquitecto y siempre ha estado interesado en el arte en todas sus expresiones, empezando por el dibujo, el cine, la fotograf\u00eda y por \u00faltimo el teatro; este universo donde se sumergi\u00f3 hace m\u00e1s de 2 a\u00f1os. Nos comparte que por medio del teatro ha podido conocerse a m\u00ed mismo, aprender y relacionarse con los dem\u00e1s, pues el teatro es un medio para transformar, visibilizar y reconciliar heridas.<\/p>\n<p>[\/vc_column_text]<style type=\"text\/css\">#ut_custom_heading69f093a6a53d8 { color:#28b1bd; }#ut_custom_heading69f093a6a53d8 { font-family: \"Poppins\";font-weight:500;font-style:normal; }#ut_custom_heading69f093a6a53d8 { font-size:22px !important; }#ut_custom_heading69f093a6a53d8 { font-style:normal; }#ut_custom_heading69f093a6a53d8 { text-align:right; }@media (min-width: 768px) and (max-width: 1024px) { #ut_custom_heading69f093a6a53d8 { text-align:right; } }@media (max-width: 767px) { #ut_custom_heading69f093a6a53d8 { text-align:right; } }<\/style><h2 id=\"ut_custom_heading69f093a6a53d8\" data-responsive-font=\"h2\" data-responsive-font-settings=\"{&quot;base-font-size&quot;:&quot;22&quot;,&quot;font-size-unit&quot;:&quot;px&quot;,&quot;font-size&quot;:{&quot;desktop_large&quot;:&quot;22&quot;},&quot;base-line-height&quot;:&quot;global&quot;,&quot;base-letter-spacing&quot;:&quot;global&quot;}\" class=\"ut-custom-heading-module  \" ><span class=\"\" ><a class=\"spreaker-player\" href=\"https:\/\/www.spreaker.com\/episode\/57231974\" data-resource=\"episode_id=57231974\" data-width=\"100%\" data-height=\"100px\" data-theme=\"light\" data-playlist=\"false\" data-playlist-continuous=\"false\" data-chapters-image=\"true\" data-episode-image-position=\"left\" data-hide-logo=\"false\" data-hide-likes=\"false\" data-hide-comments=\"false\" data-hide-sharing=\"false\" data-hide-download=\"true\">Listen to \u00abOpiniones \u00abNo quiero ruidos mundanos, quiero susurros del viento\u00bb\u00bb on Spreaker.<\/a><\/p>\n<p><script async src=\"https:\/\/widget.spreaker.com\/widgets.js\"><\/script><\/span><\/h2>[vc_separator color=\u00bbcustom\u00bb accent_color=\u00bb#dddddd\u00bb][\/vc_column][\/vc_row][vc_row][vc_column offset=\u00bbvc_col-lg-offset-2 vc_col-lg-8&#8243;]<style type=\"text\/css\">#ut_custom_heading69f093a6a5437 { color:#28b1bd; }#ut_custom_heading69f093a6a5437 { font-family: \"Poppins\";font-weight:500;font-style:normal; }#ut_custom_heading69f093a6a5437 { font-size:22px !important; }#ut_custom_heading69f093a6a5437 { font-style:normal; }#ut_custom_heading69f093a6a5437 { text-align:right; }@media (min-width: 768px) and (max-width: 1024px) { #ut_custom_heading69f093a6a5437 { text-align:right; } }@media (max-width: 767px) { #ut_custom_heading69f093a6a5437 { text-align:right; } }<\/style><h2 id=\"ut_custom_heading69f093a6a5437\" data-responsive-font=\"h2\" data-responsive-font-settings=\"{&quot;base-font-size&quot;:&quot;22&quot;,&quot;font-size-unit&quot;:&quot;px&quot;,&quot;font-size&quot;:{&quot;desktop_large&quot;:&quot;22&quot;},&quot;base-line-height&quot;:&quot;global&quot;,&quot;base-letter-spacing&quot;:&quot;global&quot;}\" class=\"ut-custom-heading-module  \" ><span class=\"\" ><a class=\"spreaker-player\" href=\"https:\/\/www.spreaker.com\/episode\/57231945\" data-resource=\"episode_id=57231945\" data-width=\"100%\" data-height=\"200px\" data-theme=\"light\" data-playlist=\"false\" data-playlist-continuous=\"false\" data-chapters-image=\"true\" data-episode-image-position=\"left\" data-hide-logo=\"false\" data-hide-likes=\"false\" data-hide-comments=\"false\" data-hide-sharing=\"false\" data-hide-download=\"true\" data-cover=\"https%3A%2F%2Fd3wo5wojvuv7l.cloudfront.net%2Fimages.spreaker.com%2Foriginal%2Ff88f0e729bca5b6fcaf3dd40b62d1083.jpg\">Listen to \u00abObra \u00abUn camino, las gaviotas y tu risa\u00bb\u00bb on Spreaker.<\/a><\/p>\n<p><script async src=\"https:\/\/widget.spreaker.com\/widgets.js\"><\/script><\/span><\/h2>[vc_column_text]<\/p>\n<h2 class=\"p2\">UN CAMINO, LAS GAVIOTAS Y TU RISA<\/h2>\n<p class=\"p2\">Ella es Daniela Carmona, trabaja como Barista y Fot\u00f3grafa, actualmente esta explorando la parte teatral y la actuaci\u00f3n. Nos comparte que este taller le ha abierto bastante el panorama en la forma de percibir y concientizarse de la inclusi\u00f3n, porque actualmente se escucha mucho sobre ello, pero no se dimensiona a quienes de verdad deber\u00edamos incluir en nuestras actividades y cotidianidad. Por otro lado, estoy muy agradecida con Kim y Viviana, las clases fueron de mucho aprendizaje, gracias por compartir de su conocimiento. \u00a1Gracias por ayudarnos a explorar creativamente!<\/p>\n<p>[\/vc_column_text]<style type=\"text\/css\">#ut_custom_heading69f093a6a54ae { color:#28b1bd; }#ut_custom_heading69f093a6a54ae { font-family: \"Poppins\";font-weight:500;font-style:normal; }#ut_custom_heading69f093a6a54ae { font-size:22px !important; }#ut_custom_heading69f093a6a54ae { font-style:normal; }#ut_custom_heading69f093a6a54ae { text-align:right; }@media (min-width: 768px) and (max-width: 1024px) { #ut_custom_heading69f093a6a54ae { text-align:right; } }@media (max-width: 767px) { #ut_custom_heading69f093a6a54ae { text-align:right; } }<\/style><h2 id=\"ut_custom_heading69f093a6a54ae\" data-responsive-font=\"h2\" data-responsive-font-settings=\"{&quot;base-font-size&quot;:&quot;22&quot;,&quot;font-size-unit&quot;:&quot;px&quot;,&quot;font-size&quot;:{&quot;desktop_large&quot;:&quot;22&quot;},&quot;base-line-height&quot;:&quot;global&quot;,&quot;base-letter-spacing&quot;:&quot;global&quot;}\" class=\"ut-custom-heading-module  \" ><span class=\"\" ><a class=\"spreaker-player\" href=\"https:\/\/www.spreaker.com\/episode\/57231976\" data-resource=\"episode_id=57231976\" data-width=\"100%\" data-height=\"100px\" data-theme=\"light\" data-playlist=\"false\" data-playlist-continuous=\"false\" data-chapters-image=\"true\" data-episode-image-position=\"left\" data-hide-logo=\"false\" data-hide-likes=\"false\" data-hide-comments=\"false\" data-hide-sharing=\"false\" data-hide-download=\"true\">Listen to \u00abOpiniones \u00abUn camino, las gaviotas y tu risa\u00bb\u00bb on Spreaker.<\/a><\/p>\n<p><script async src=\"https:\/\/widget.spreaker.com\/widgets.js\"><\/script><\/span><\/h2>[vc_separator color=\u00bbcustom\u00bb accent_color=\u00bb#dddddd\u00bb][\/vc_column][\/vc_row][vc_row][vc_column offset=\u00bbvc_col-lg-offset-2 vc_col-lg-8&#8243;]<style type=\"text\/css\">#ut_custom_heading69f093a6a5516 { color:#28b1bd; }#ut_custom_heading69f093a6a5516 { font-family: \"Poppins\";font-weight:500;font-style:normal; }#ut_custom_heading69f093a6a5516 { font-size:22px !important; }#ut_custom_heading69f093a6a5516 { font-style:normal; }#ut_custom_heading69f093a6a5516 { text-align:right; }@media (min-width: 768px) and (max-width: 1024px) { #ut_custom_heading69f093a6a5516 { text-align:right; } }@media (max-width: 767px) { #ut_custom_heading69f093a6a5516 { text-align:right; } }<\/style><h2 id=\"ut_custom_heading69f093a6a5516\" data-responsive-font=\"h2\" data-responsive-font-settings=\"{&quot;base-font-size&quot;:&quot;22&quot;,&quot;font-size-unit&quot;:&quot;px&quot;,&quot;font-size&quot;:{&quot;desktop_large&quot;:&quot;22&quot;},&quot;base-line-height&quot;:&quot;global&quot;,&quot;base-letter-spacing&quot;:&quot;global&quot;}\" class=\"ut-custom-heading-module  \" ><span class=\"\" ><a class=\"spreaker-player\" href=\"https:\/\/www.spreaker.com\/episode\/57231950\" data-resource=\"episode_id=57231950\" data-width=\"100%\" data-height=\"200px\" data-theme=\"light\" data-playlist=\"false\" data-playlist-continuous=\"false\" data-chapters-image=\"true\" data-episode-image-position=\"left\" data-hide-logo=\"false\" data-hide-likes=\"false\" data-hide-comments=\"false\" data-hide-sharing=\"false\" data-hide-download=\"true\" data-cover=\"https%3A%2F%2Fd3wo5wojvuv7l.cloudfront.net%2Fimages.spreaker.com%2Foriginal%2F97c4173a2fdbae8257e61093a7450d2c.jpg\">Listen to \u00abObra \u00abCayetana\u00bb\u00bb on Spreaker.<\/a><\/p>\n<p><script async src=\"https:\/\/widget.spreaker.com\/widgets.js\"><\/script><\/span><\/h2>[vc_column_text]<\/p>\n<h2 class=\"p2\">CAYETANA<\/h2>\n<p class=\"p2\">Yajaira Cecilia Daza Toncel, es una mujer afroguajira, madre de dos ni\u00f1as, licenciada en Arte y Folclor, Mag\u00edster en Educaci\u00f3n para el desarrollo sociocultural, docente universitaria y promotora de la reivindicaci\u00f3n de las comunidades afrodescendientes en Colombia.<\/p>\n<p>[\/vc_column_text]<style type=\"text\/css\">#ut_custom_heading69f093a6a5583 { color:#28b1bd; }#ut_custom_heading69f093a6a5583 { font-family: \"Poppins\";font-weight:500;font-style:normal; }#ut_custom_heading69f093a6a5583 { font-size:22px !important; }#ut_custom_heading69f093a6a5583 { font-style:normal; }#ut_custom_heading69f093a6a5583 { text-align:right; }@media (min-width: 768px) and (max-width: 1024px) { #ut_custom_heading69f093a6a5583 { text-align:right; } }@media (max-width: 767px) { #ut_custom_heading69f093a6a5583 { text-align:right; } }<\/style><h2 id=\"ut_custom_heading69f093a6a5583\" data-responsive-font=\"h2\" data-responsive-font-settings=\"{&quot;base-font-size&quot;:&quot;22&quot;,&quot;font-size-unit&quot;:&quot;px&quot;,&quot;font-size&quot;:{&quot;desktop_large&quot;:&quot;22&quot;},&quot;base-line-height&quot;:&quot;global&quot;,&quot;base-letter-spacing&quot;:&quot;global&quot;}\" class=\"ut-custom-heading-module  \" ><span class=\"\" ><a class=\"spreaker-player\" href=\"https:\/\/www.spreaker.com\/episode\/57231975\" data-resource=\"episode_id=57231975\" data-width=\"100%\" data-height=\"100px\" data-theme=\"light\" data-playlist=\"false\" data-playlist-continuous=\"false\" data-chapters-image=\"true\" data-episode-image-position=\"left\" data-hide-logo=\"false\" data-hide-likes=\"false\" data-hide-comments=\"false\" data-hide-sharing=\"false\" data-hide-download=\"true\">Listen to \u00abOpiniones \u00abCayetana\u00bb\u00bb on Spreaker.<\/a><\/p>\n<p><script async src=\"https:\/\/widget.spreaker.com\/widgets.js\"><\/script><\/span><\/h2>[vc_separator color=\u00bbcustom\u00bb accent_color=\u00bb#dddddd\u00bb][\/vc_column][\/vc_row][vc_row][vc_column offset=\u00bbvc_col-lg-offset-2 vc_col-lg-8&#8243;]<style type=\"text\/css\">#ut_custom_heading69f093a6a55e1 { color:#28b1bd; }#ut_custom_heading69f093a6a55e1 { font-family: \"Poppins\";font-weight:500;font-style:normal; }#ut_custom_heading69f093a6a55e1 { font-size:22px !important; }#ut_custom_heading69f093a6a55e1 { font-style:normal; }#ut_custom_heading69f093a6a55e1 { text-align:right; }@media (min-width: 768px) and (max-width: 1024px) { #ut_custom_heading69f093a6a55e1 { text-align:right; } }@media (max-width: 767px) { #ut_custom_heading69f093a6a55e1 { text-align:right; } }<\/style><h2 id=\"ut_custom_heading69f093a6a55e1\" data-responsive-font=\"h2\" data-responsive-font-settings=\"{&quot;base-font-size&quot;:&quot;22&quot;,&quot;font-size-unit&quot;:&quot;px&quot;,&quot;font-size&quot;:{&quot;desktop_large&quot;:&quot;22&quot;},&quot;base-line-height&quot;:&quot;global&quot;,&quot;base-letter-spacing&quot;:&quot;global&quot;}\" class=\"ut-custom-heading-module  \" ><span class=\"\" ><a class=\"spreaker-player\" href=\"https:\/\/www.spreaker.com\/episode\/57231946\" data-resource=\"episode_id=57231946\" data-width=\"100%\" data-height=\"200px\" data-theme=\"light\" data-playlist=\"false\" data-playlist-continuous=\"false\" data-chapters-image=\"true\" data-episode-image-position=\"left\" data-hide-logo=\"false\" data-hide-likes=\"false\" data-hide-comments=\"false\" data-hide-sharing=\"false\" data-hide-download=\"true\" data-cover=\"https%3A%2F%2Fd3wo5wojvuv7l.cloudfront.net%2Fimages.spreaker.com%2Foriginal%2F68a924018d111bc11ae9b1e09ac6cbe4.jpg\">Listen to \u00abObra \u00abUn consejo para vos o para tres\u00bb\u00bb on Spreaker.<\/a><\/p>\n<p><script async src=\"https:\/\/widget.spreaker.com\/widgets.js\"><\/script><\/span><\/h2>[vc_column_text]<\/p>\n<h2 class=\"p2\">UN CONSEJO PARA VOS O PARA TRES<\/h2>\n<p class=\"p2\">Mario Prieto es artista en formaci\u00f3n interdisciplinar de las Artes Esc\u00e9nicas, entre esas; teatro, m\u00e1scara neutra, danza, circo y performance. Docente, padre y buen hijo. Amante de la naturaleza y el movimiento corporal, amante de los procesos sociales, educativos y populares.<\/p>\n<p>[\/vc_column_text]<style type=\"text\/css\">#ut_custom_heading69f093a6a563f { color:#28b1bd; }#ut_custom_heading69f093a6a563f { font-family: \"Poppins\";font-weight:500;font-style:normal; }#ut_custom_heading69f093a6a563f { font-size:22px !important; }#ut_custom_heading69f093a6a563f { font-style:normal; }#ut_custom_heading69f093a6a563f { text-align:right; }@media (min-width: 768px) and (max-width: 1024px) { #ut_custom_heading69f093a6a563f { text-align:right; } }@media (max-width: 767px) { #ut_custom_heading69f093a6a563f { text-align:right; } }<\/style><h2 id=\"ut_custom_heading69f093a6a563f\" data-responsive-font=\"h2\" data-responsive-font-settings=\"{&quot;base-font-size&quot;:&quot;22&quot;,&quot;font-size-unit&quot;:&quot;px&quot;,&quot;font-size&quot;:{&quot;desktop_large&quot;:&quot;22&quot;},&quot;base-line-height&quot;:&quot;global&quot;,&quot;base-letter-spacing&quot;:&quot;global&quot;}\" class=\"ut-custom-heading-module  \" ><span class=\"\" ><a class=\"spreaker-player\" href=\"https:\/\/www.spreaker.com\/episode\/57231978\" data-resource=\"episode_id=57231978\" data-width=\"100%\" data-height=\"100px\" data-theme=\"light\" data-playlist=\"false\" data-playlist-continuous=\"false\" data-chapters-image=\"true\" data-episode-image-position=\"left\" data-hide-logo=\"false\" data-hide-likes=\"false\" data-hide-comments=\"false\" data-hide-sharing=\"false\" data-hide-download=\"true\">Listen to \u00abOpiniones \u00abUn consejo para vos o para tres\u00bb\u00bb on Spreaker.<\/a><\/p>\n<p><script async src=\"https:\/\/widget.spreaker.com\/widgets.js\"><\/script><\/span><\/h2>[vc_separator color=\u00bbcustom\u00bb accent_color=\u00bb#dddddd\u00bb][\/vc_column][\/vc_row][vc_row][vc_column offset=\u00bbvc_col-lg-offset-2 vc_col-lg-8&#8243;]<style type=\"text\/css\">#ut_custom_heading69f093a6a56a3 { color:#28b1bd; }#ut_custom_heading69f093a6a56a3 { font-family: \"Poppins\";font-weight:500;font-style:normal; }#ut_custom_heading69f093a6a56a3 { font-size:22px !important; }#ut_custom_heading69f093a6a56a3 { font-style:normal; }#ut_custom_heading69f093a6a56a3 { text-align:right; }@media (min-width: 768px) and (max-width: 1024px) { #ut_custom_heading69f093a6a56a3 { text-align:right; } }@media (max-width: 767px) { #ut_custom_heading69f093a6a56a3 { text-align:right; } }<\/style><h2 id=\"ut_custom_heading69f093a6a56a3\" data-responsive-font=\"h2\" data-responsive-font-settings=\"{&quot;base-font-size&quot;:&quot;22&quot;,&quot;font-size-unit&quot;:&quot;px&quot;,&quot;font-size&quot;:{&quot;desktop_large&quot;:&quot;22&quot;},&quot;base-line-height&quot;:&quot;global&quot;,&quot;base-letter-spacing&quot;:&quot;global&quot;}\" class=\"ut-custom-heading-module  \" ><span class=\"\" ><a class=\"spreaker-player\" href=\"https:\/\/www.spreaker.com\/episode\/57231948\" data-resource=\"episode_id=57231948\" data-width=\"100%\" data-height=\"200px\" data-theme=\"light\" data-playlist=\"false\" data-playlist-continuous=\"false\" data-chapters-image=\"true\" data-episode-image-position=\"left\" data-hide-logo=\"false\" data-hide-likes=\"false\" data-hide-comments=\"false\" data-hide-sharing=\"false\" data-hide-download=\"true\" data-cover=\"https%3A%2F%2Fd3wo5wojvuv7l.cloudfront.net%2Fimages.spreaker.com%2Foriginal%2F68812720222200b0f6846c669d17f5d8.jpg\">Listen to \u00abObra: \u00abVengo del hilo y la aguja\u00bb\u00bb on Spreaker.<\/a><\/p>\n<p><script async src=\"https:\/\/widget.spreaker.com\/widgets.js\"><\/script><\/span><\/h2>[vc_column_text]<\/p>\n<h2 class=\"p2\">VENGO DEL HILO Y LA AGUJA<\/h2>\n<p class=\"p2\">Geraldine Ram\u00edrez es estudiante de Licenciatura en Educaci\u00f3n Art\u00edstica en la Universidad Distrital de Bogot\u00e1. Cree en el poder transformador del arte. Es tejedora y tiene un emprendimiento; le gusta cantar, jugar y bailar. Ama los gatos y los dulces.<\/p>\n<p>[\/vc_column_text]<style type=\"text\/css\">#ut_custom_heading69f093a6a56ff { color:#28b1bd; }#ut_custom_heading69f093a6a56ff { font-family: \"Poppins\";font-weight:500;font-style:normal; }#ut_custom_heading69f093a6a56ff { font-size:22px !important; }#ut_custom_heading69f093a6a56ff { font-style:normal; }#ut_custom_heading69f093a6a56ff { text-align:right; }@media (min-width: 768px) and (max-width: 1024px) { #ut_custom_heading69f093a6a56ff { text-align:right; } }@media (max-width: 767px) { #ut_custom_heading69f093a6a56ff { text-align:right; } }<\/style><h2 id=\"ut_custom_heading69f093a6a56ff\" data-responsive-font=\"h2\" data-responsive-font-settings=\"{&quot;base-font-size&quot;:&quot;22&quot;,&quot;font-size-unit&quot;:&quot;px&quot;,&quot;font-size&quot;:{&quot;desktop_large&quot;:&quot;22&quot;},&quot;base-line-height&quot;:&quot;global&quot;,&quot;base-letter-spacing&quot;:&quot;global&quot;}\" class=\"ut-custom-heading-module  \" ><span class=\"\" ><a class=\"spreaker-player\" href=\"https:\/\/www.spreaker.com\/episode\/57231980\" data-resource=\"episode_id=57231980\" data-width=\"100%\" data-height=\"100px\" data-theme=\"light\" data-playlist=\"false\" data-playlist-continuous=\"false\" data-chapters-image=\"true\" data-episode-image-position=\"left\" data-hide-logo=\"false\" data-hide-likes=\"false\" data-hide-comments=\"false\" data-hide-sharing=\"false\" data-hide-download=\"true\">Listen to \u00abOpiniones \u00abVengo del hilo y la aguja\u00bb\u00bb on Spreaker.<\/a><\/p>\n<p><script async src=\"https:\/\/widget.spreaker.com\/widgets.js\"><\/script><\/span><\/h2>[vc_separator color=\u00bbcustom\u00bb accent_color=\u00bb#dddddd\u00bb][\/vc_column][\/vc_row][vc_row][vc_column offset=\u00bbvc_col-lg-offset-2 vc_col-lg-8&#8243;]<style type=\"text\/css\">#ut_custom_heading69f093a6a5767 { color:#28b1bd; }#ut_custom_heading69f093a6a5767 { font-family: \"Poppins\";font-weight:500;font-style:normal; }#ut_custom_heading69f093a6a5767 { font-size:22px !important; }#ut_custom_heading69f093a6a5767 { font-style:normal; }#ut_custom_heading69f093a6a5767 { text-align:right; }@media (min-width: 768px) and (max-width: 1024px) { #ut_custom_heading69f093a6a5767 { text-align:right; } }@media (max-width: 767px) { #ut_custom_heading69f093a6a5767 { text-align:right; } }<\/style><h2 id=\"ut_custom_heading69f093a6a5767\" data-responsive-font=\"h2\" data-responsive-font-settings=\"{&quot;base-font-size&quot;:&quot;22&quot;,&quot;font-size-unit&quot;:&quot;px&quot;,&quot;font-size&quot;:{&quot;desktop_large&quot;:&quot;22&quot;},&quot;base-line-height&quot;:&quot;global&quot;,&quot;base-letter-spacing&quot;:&quot;global&quot;}\" class=\"ut-custom-heading-module  \" ><span class=\"\" ><a class=\"spreaker-player\" href=\"https:\/\/www.spreaker.com\/episode\/57231949\" data-resource=\"episode_id=57231949\" data-width=\"100%\" data-height=\"200px\" data-theme=\"light\" data-playlist=\"false\" data-playlist-continuous=\"false\" data-chapters-image=\"true\" data-episode-image-position=\"left\" data-hide-logo=\"false\" data-hide-likes=\"false\" data-hide-comments=\"false\" data-hide-sharing=\"false\" data-hide-download=\"true\" data-cover=\"https%3A%2F%2Fd3wo5wojvuv7l.cloudfront.net%2Fimages.spreaker.com%2Foriginal%2F06484f1ae984779169584d357d52afd8.jpg\">Listen to \u00abObra \u00abElogio a la vida\u00bb\u00bb on Spreaker.<\/a><\/p>\n<p><script async src=\"https:\/\/widget.spreaker.com\/widgets.js\"><\/script><\/span><\/h2>[vc_column_text]<\/p>\n<h2 class=\"p2\">ELOGIO A LA VIDA<\/h2>\n<p class=\"p2\">Diego Rodr\u00edguez cursa \u00faltimo semestre de psicolog\u00eda, es una persona que por medio del arte quiere crear transformaciones positivas en la sociedad. Actualmente esta dirigiendo una obra de su propia autor\u00eda sobre el informe de la Comisi\u00f3n de la Verdad. Esta pieza es un apartado de la compilaci\u00f3n de obras que esta creando alrededor de esta tem\u00e1tica y los territorios. Actualmente es l\u00edder de teatro de la Universidad Nacional Abierta y a Distancia y nos comparte que esta muy feliz de haber podido desarrollar sus habilidades en teatro sensorial, ya que le parece muy bello poder crear obras de arte para un p\u00fablico que ha sido de una u otra manera olvidado por la sociedad.<\/p>\n<p>[\/vc_column_text]<style type=\"text\/css\">#ut_custom_heading69f093a6a57c4 { color:#28b1bd; }#ut_custom_heading69f093a6a57c4 { font-family: \"Poppins\";font-weight:500;font-style:normal; }#ut_custom_heading69f093a6a57c4 { font-size:22px !important; }#ut_custom_heading69f093a6a57c4 { font-style:normal; }#ut_custom_heading69f093a6a57c4 { text-align:right; }@media (min-width: 768px) and (max-width: 1024px) { #ut_custom_heading69f093a6a57c4 { text-align:right; } }@media (max-width: 767px) { #ut_custom_heading69f093a6a57c4 { text-align:right; } }<\/style><h2 id=\"ut_custom_heading69f093a6a57c4\" data-responsive-font=\"h2\" data-responsive-font-settings=\"{&quot;base-font-size&quot;:&quot;22&quot;,&quot;font-size-unit&quot;:&quot;px&quot;,&quot;font-size&quot;:{&quot;desktop_large&quot;:&quot;22&quot;},&quot;base-line-height&quot;:&quot;global&quot;,&quot;base-letter-spacing&quot;:&quot;global&quot;}\" class=\"ut-custom-heading-module  \" ><span class=\"\" ><a class=\"spreaker-player\" href=\"https:\/\/www.spreaker.com\/episode\/57231979\" data-resource=\"episode_id=57231979\" data-width=\"100%\" data-height=\"100px\" data-theme=\"light\" data-playlist=\"false\" data-playlist-continuous=\"false\" data-chapters-image=\"true\" data-episode-image-position=\"left\" data-hide-logo=\"false\" data-hide-likes=\"false\" data-hide-comments=\"false\" data-hide-sharing=\"false\" data-hide-download=\"true\">Listen to \u00abOpiniones \u00abElogio a la vida\u00bb\u00bb on Spreaker.<\/a><\/p>\n<p><script async src=\"https:\/\/widget.spreaker.com\/widgets.js\"><\/script><\/span><\/h2>[vc_separator color=\u00bbcustom\u00bb accent_color=\u00bb#dddddd\u00bb][\/vc_column][\/vc_row][vc_row][vc_column offset=\u00bbvc_col-lg-offset-2 vc_col-lg-8&#8243;][vc_column_text]<\/p>\n<h2>\u00bfQU\u00c9 NOS LLEVAMOS?<\/h2>\n<p>Es relevante subrayar que las expresiones creativas de cada participante reflejan no solo sus intereses individuales, sino tambi\u00e9n sus percepciones del territorio. A trav\u00e9s de lo sensorial y lo sonoro, estos participantes revelan aspectos fundamentales de su identidad, contextualizando su existencia y transmitiendo mensajes espec\u00edficos mediante sus obras.<\/p>\n<p>En el marco de nuestro proyecto \u00abArte en Boga\u00bb, el encuentro con estas propuestas tan conmovedoras y hol\u00edsticas ha cobrado una significativa importancia. Este encuentro nos motiva a seguir creando espacios de creaci\u00f3n y apropiaci\u00f3n del conocimiento, adoptando enfoques metodol\u00f3gicos que trascienden las convenciones. Buscamos constantemente nuevas formas de construir experiencias esc\u00e9nicas que vayan m\u00e1s all\u00e1 de lo visual, reiterando que el arte es un lenguaje universal que nos acerca a los dem\u00e1s a trav\u00e9s de los sentidos.[\/vc_column_text]<style type=\"text\/css\">#ut_custom_heading69f093a6a5821 { color:#28b1bd; }#ut_custom_heading69f093a6a5821 { font-family: \"Poppins\";font-weight:500;font-style:normal; }#ut_custom_heading69f093a6a5821 { font-size:22px !important; }#ut_custom_heading69f093a6a5821 { font-style:normal; }#ut_custom_heading69f093a6a5821 { text-align:right; }@media (min-width: 768px) and (max-width: 1024px) { #ut_custom_heading69f093a6a5821 { text-align:right; } }@media (max-width: 767px) { #ut_custom_heading69f093a6a5821 { text-align:right; } }<\/style><h2 id=\"ut_custom_heading69f093a6a5821\" data-responsive-font=\"h2\" data-responsive-font-settings=\"{&quot;base-font-size&quot;:&quot;22&quot;,&quot;font-size-unit&quot;:&quot;px&quot;,&quot;font-size&quot;:{&quot;desktop_large&quot;:&quot;22&quot;},&quot;base-line-height&quot;:&quot;global&quot;,&quot;base-letter-spacing&quot;:&quot;global&quot;}\" class=\"ut-custom-heading-module  \" ><span class=\"\" ><a class=\"spreaker-player\" href=\"https:\/\/www.spreaker.com\/episode\/57231981\" data-resource=\"episode_id=57231981\" data-width=\"100%\" data-height=\"200px\" data-theme=\"light\" data-playlist=\"false\" data-playlist-continuous=\"false\" data-chapters-image=\"true\" data-episode-image-position=\"left\" data-hide-logo=\"false\" data-hide-likes=\"false\" data-hide-comments=\"false\" data-hide-sharing=\"false\" data-hide-download=\"true\">Listen to \u00abAgradecimientos\u00bb on Spreaker.<\/a><\/p>\n<p><script async src=\"https:\/\/widget.spreaker.com\/widgets.js\"><\/script><\/span><\/h2>[\/vc_column][\/vc_row][vc_row][vc_column]<div class=\"wpb_content_element \"><style class=\"bklyn-inline-styles\" type=\"text\/css\">#ut_sf_69f093a6a588a { font-size: 40px; }<\/style><ul id=\"ut_sf_69f093a6a588a\" class=\"ut-social-follow-module  ut-social-follow-module-center ut-social-follow-module-tablet-center ut-social-follow-module-mobile-center ut-social-follow-module-20\" data-settings=\"{&quot;animate&quot;:false,&quot;effect&quot;:&quot;&quot;,&quot;delay_animation&quot;:false,&quot;global_delay_animation&quot;:false,&quot;delay_timer&quot;:100,&quot;global_delay_timer&quot;:100}\"><li  class=\"ut-social-follow-0 ut-social-follow-icon-only \"><a class=\"ut-social-follow-link\" title=\"\" href=\"https:\/\/www.arteenboga.com.co\/la\/cursos-2023\/\" area-label=\"fa globe\" target=\"_blank\" ><i class=\"fa fa-globe\"><\/i><\/a><\/li><li  class=\"ut-social-follow-1 ut-social-follow-icon-only \"><a class=\"ut-social-follow-link\" title=\"\" href=\"https:\/\/www.instagram.com\/arteenboga\/?hl=es-la\" area-label=\"fa instagram\" target=\"_blank\" ><i class=\"fa fa-instagram\"><\/i><\/a><\/li><li  class=\"ut-social-follow-2 ut-social-follow-icon-only \"><a class=\"ut-social-follow-link\" title=\"\" href=\"https:\/\/open.spotify.com\/show\/77NhnJfBDv7HFTfbWuyD8i?si=57969973069f4ce1\" area-label=\"fa spotify\" target=\"_blank\" ><i class=\"fa fa-spotify\"><\/i><\/a><\/li><\/ul><\/div>[\/vc_column][\/vc_row][\/vc_section]<\/p>\n<\/div>","protected":false},"excerpt":{"rendered":"<p>Arte en Boga y Redescubriendo la Oscuridad se unen una vez m\u00e1s para propiciar un espacio dedicado a la creaci\u00f3n teatral a trav\u00e9s de los sentidos. En el marco de la beca \u00abTerritorios Activos\u00bb del PDE 2023, han desarrollado un programa formativo centrado en la creaci\u00f3n sonora. Este enfoque busca explorar c\u00f3mo el sonido puede ser un material sensible capaz de reflejar y permitir la apropiaci\u00f3n de nuestros territorios.<\/p>\n","protected":false},"author":1,"featured_media":12389,"comment_status":"closed","ping_status":"open","sticky":false,"template":"","format":"gallery","meta":{"footnotes":""},"categories":[73,85,170],"tags":[160,88,211],"class_list":["post-12373","post","type-post","status-publish","format-gallery","has-post-thumbnail","hentry","category-discapacidad-visual","category-teatro-sensorial-y-sonoro","category-territorio","tag-poblacion-diversa","tag-teatro-sensorial","tag-territorio","post_format-post-format-gallery"],"_links":{"self":[{"href":"https:\/\/www.arteenboga.com.co\/la\/wp-json\/wp\/v2\/posts\/12373","targetHints":{"allow":["GET"]}}],"collection":[{"href":"https:\/\/www.arteenboga.com.co\/la\/wp-json\/wp\/v2\/posts"}],"about":[{"href":"https:\/\/www.arteenboga.com.co\/la\/wp-json\/wp\/v2\/types\/post"}],"author":[{"embeddable":true,"href":"https:\/\/www.arteenboga.com.co\/la\/wp-json\/wp\/v2\/users\/1"}],"replies":[{"embeddable":true,"href":"https:\/\/www.arteenboga.com.co\/la\/wp-json\/wp\/v2\/comments?post=12373"}],"version-history":[{"count":61,"href":"https:\/\/www.arteenboga.com.co\/la\/wp-json\/wp\/v2\/posts\/12373\/revisions"}],"predecessor-version":[{"id":12450,"href":"https:\/\/www.arteenboga.com.co\/la\/wp-json\/wp\/v2\/posts\/12373\/revisions\/12450"}],"wp:featuredmedia":[{"embeddable":true,"href":"https:\/\/www.arteenboga.com.co\/la\/wp-json\/wp\/v2\/media\/12389"}],"wp:attachment":[{"href":"https:\/\/www.arteenboga.com.co\/la\/wp-json\/wp\/v2\/media?parent=12373"}],"wp:term":[{"taxonomy":"category","embeddable":true,"href":"https:\/\/www.arteenboga.com.co\/la\/wp-json\/wp\/v2\/categories?post=12373"},{"taxonomy":"post_tag","embeddable":true,"href":"https:\/\/www.arteenboga.com.co\/la\/wp-json\/wp\/v2\/tags?post=12373"}],"curies":[{"name":"wp","href":"https:\/\/api.w.org\/{rel}","templated":true}]}}