{"id":10804,"date":"2022-03-25T23:30:34","date_gmt":"2022-03-25T23:30:34","guid":{"rendered":"https:\/\/www.arteenboga.com.co\/la\/?p=10804"},"modified":"2025-05-10T04:04:12","modified_gmt":"2025-05-10T04:04:12","slug":"resignificacion-de-la-dimension-critica","status":"publish","type":"post","link":"https:\/\/www.arteenboga.com.co\/la\/resignificacion-de-la-dimension-critica\/","title":{"rendered":"\u00abResignificaci\u00f3n de la Dimensi\u00f3n Cr\u00edtica\u00bb"},"content":{"rendered":"<div class=\"wpb-content-wrapper\"><p>[vc_section][vc_row][vc_column][vc_empty_space][\/vc_column][\/vc_row][vc_row][vc_column width=\u00bb2\/3&#8243;]<style type=\"text\/css\">#ut_custom_heading69f52e5b804be { font-size:30px !important; }@media (min-width: 1025px) and (max-width: 1679px) {#ut_custom_heading69f52e5b804be { line-height:-1px !important;letter-spacing:-0.21em; }}@media (min-width: 768px) and (max-width: 1024px) {#ut_custom_heading69f52e5b804be { line-height:-1px !important;letter-spacing:-0.21em; }}@media (max-width: 767px) {#ut_custom_heading69f52e5b804be { letter-spacing:-0.21em; }}#ut_custom_heading69f52e5b804be { text-align:center; }@media (min-width: 768px) and (max-width: 1024px) { #ut_custom_heading69f52e5b804be { text-align:center; } }@media (max-width: 767px) { #ut_custom_heading69f52e5b804be { text-align:center; } }<\/style><h1 id=\"ut_custom_heading69f52e5b804be\" data-responsive-font=\"h1\" data-responsive-font-settings=\"{&quot;base-font-size&quot;:&quot;global&quot;,&quot;font-size&quot;:{&quot;desktop_large&quot;:&quot;30&quot;},&quot;base-line-height&quot;:&quot;global&quot;,&quot;line-height&quot;:{&quot;desktop_small&quot;:&quot;-1&quot;,&quot;tablet&quot;:&quot;-1&quot;},&quot;base-letter-spacing&quot;:&quot;global&quot;,&quot;letter-spacing&quot;:{&quot;desktop_small&quot;:&quot;-0.21&quot;,&quot;tablet&quot;:&quot;-0.21&quot;,&quot;mobile&quot;:&quot;-0.21&quot;}}\" class=\"ut-custom-heading-module  \" ><span class=\"\" ><a class=\"spreaker-player\" href=\"https:\/\/www.spreaker.com\/episode\/48929595\" data-resource=\"episode_id=48929595\" data-width=\"100%\" data-height=\"200px\" data-theme=\"light\" data-playlist=\"false\" data-playlist-continuous=\"false\" data-chapters-image=\"true\" data-episode-image-position=\"left\" data-hide-logo=\"false\" data-hide-likes=\"false\" data-hide-comments=\"false\" data-hide-sharing=\"false\" data-hide-download=\"true\" data-cover=\"https%3A%2F%2Fd3wo5wojvuv7l.cloudfront.net%2Fimages.spreaker.com%2Foriginal%2F335bbc51bcde7f859694f6907695239f.jpg\">Listen to \u00abEpisodio con Francisco Mar\u00edn de Resignificaci\u00f3n de la Dimensi\u00f3n Cr\u00edtica\u00bb on Spreaker.<\/a><\/p>\n<p><script async src=\"https:\/\/widget.spreaker.com\/widgets.js\"><\/script><\/span><\/h1><style type=\"text\/css\">#ut_custom_heading69f52e5b861f7 { color:#28b1bd; }#ut_custom_heading69f52e5b861f7 { font-family: \"Poppins\";font-weight:500;font-style:normal; }#ut_custom_heading69f52e5b861f7 { font-size:22px !important; }#ut_custom_heading69f52e5b861f7 { text-align:right; }@media (min-width: 768px) and (max-width: 1024px) { #ut_custom_heading69f52e5b861f7 { text-align:right; } }@media (max-width: 767px) { #ut_custom_heading69f52e5b861f7 { text-align:right; } }<\/style><h2 id=\"ut_custom_heading69f52e5b861f7\" data-responsive-font=\"h2\" data-responsive-font-settings=\"{&quot;base-font-size&quot;:&quot;22&quot;,&quot;font-size-unit&quot;:&quot;px&quot;,&quot;font-size&quot;:{&quot;desktop_large&quot;:&quot;22&quot;},&quot;base-line-height&quot;:&quot;global&quot;,&quot;base-letter-spacing&quot;:&quot;global&quot;}\" class=\"ut-custom-heading-module  \" ><span class=\"\" >El artista visual Francisco Mar\u00edn, a partir de su obra \u201cTres debates sobre el arte\u201d, plantea la importancia de resignificar la dimensi\u00f3n cr\u00edtica en la obra de arte desde una apuesta pol\u00edtica.<br \/>\n<\/span><\/h2>[vc_separator color=\u00bbpurple\u00bb style=\u00bbdouble\u00bb border_width=\u00bb2&#8243; css_animation=\u00bbnone\u00bb][\/vc_column][vc_column width=\u00bb1\/3&#8243;]<div  class=\"wpb_content_element   clearfix\"><style type=\"text\/css\">#ut_am_69f52e5b86788 { opacity: 1; }#ut_am_wrap_69f52e5b8678a .ut-image-gallery-item-caption-title h3 { color: #25ede6; }#ut_am_wrap_69f52e5b8678a .ut-image-gallery-item-caption-title-style-2 h3 { color: #25ede6; }#ut_am_wrap_69f52e5b8678a .ut-image-gallery-item.ut-animation-done:hover .ut-image-gallery-image-caption, #ut_am_wrap_69f52e5b8678a .ut-image-gallery-item.ut-element-is-animating:hover .ut-image-gallery-image-caption { background: #000000; }#ut_am_wrap_69f52e5b8678a .ut-image-gallery-item .ut-image-gallery-image-caption-style-2 { background: #000000; }#ut_am_wrap_69f52e5b8678a .ut-animated-image-zoom::after { background: url(https:\/\/www.arteenboga.com.co\/la\/wp-content\/uploads\/2022\/03\/francisco-perfil.jpg); }#ut_am_wrap_69f52e5b8678a .ut-image-gallery-item-caption-title-style-2 h3 { font-weight: normal; }#ut_am_wrap_69f52e5b8678a .ut-image-gallery-item-caption-title-style-2 h3 { letter-spacing: -0.03em; }#ut_am_wrap_69f52e5b8678a .ut-image-gallery-item-caption-title-style-2 h3 { font-size: 20; }#ut_am_wrap_69f52e5b8678a .ut-gallery-slider-caption { color: #1fc6b6; }#ut_am_wrap_69f52e5b8678a .ut-gallery-slider-caption { font-weight: bold; }#ut_am_wrap_69f52e5b8678a { text-align: center; }@media (min-width: 768px) and (max-width: 1024px) { #ut_am_wrap_69f52e5b8678a { text-align: center !important; } }@media (max-width: 767px) { #ut_am_wrap_69f52e5b8678a { text-align: center !important; } }<\/style><div id=\"ut_am_wrap_69f52e5b8678a\" class=\"ut-image-gallery-image \"><div id=\"ut_reveal_69f52e5b8678b\"  data-appear-top-offset=\"auto\" class=\"ut-animated-image-item ut-image-gallery-item ut-animation-done \"><a class=\"ut-deactivated-link\" href=\"#\"><div class=\"ut-animated-image-zoom\"><img loading=\"lazy\" decoding=\"async\" class=\"ut-lazy skip-lazy ut-animated-image \" title=\"francisco-perfil\" id=\"ut_am_69f52e5b86788\" src=\"data:image\/svg+xml;charset=utf-8,%3Csvg xmlns%3D'http%3A%2F%2Fwww.w3.org%2F2000%2Fsvg' viewBox%3D'0 0 300 380'%2F%3E\" data-src=\"https:\/\/www.arteenboga.com.co\/la\/wp-content\/uploads\/2022\/03\/francisco-perfil.jpg\" width=\"300\" height=\"380\" alt=\"\"\/><\/div><div data-image-caption class=\"ut-image-gallery-image-caption-style-2\"><div class=\"ut-image-gallery-item-caption-title-style-2\"><h3>Francisco Mar\u00edn<br \/><small>S\u00edguelo en:<\/small><\/h3><\/div><\/div><\/a><\/div><\/div><\/div><div class=\"wpb_content_element \"><style class=\"bklyn-inline-styles\" type=\"text\/css\">#ut_sf_69f52e5b86853 { font-size: 40px; }<\/style><ul id=\"ut_sf_69f52e5b86853\" class=\"ut-social-follow-module  ut-social-follow-module-center ut-social-follow-module-tablet-center ut-social-follow-module-mobile-center ut-social-follow-module-20\" data-settings=\"{&quot;animate&quot;:false,&quot;effect&quot;:&quot;&quot;,&quot;delay_animation&quot;:false,&quot;global_delay_animation&quot;:false,&quot;delay_timer&quot;:100,&quot;global_delay_timer&quot;:100}\"><li  class=\"ut-social-follow-0 ut-social-follow-icon-only \"><a class=\"ut-social-follow-link\" title=\"Facebook\" href=\"https:\/\/www.facebook.com\/nikolas.nikho\" area-label=\"fa facebook-square\" target=\"_blank\" ><i class=\"fa fa-facebook-square\"><\/i><\/a><\/li><li  class=\"ut-social-follow-1 ut-social-follow-icon-only \"><a class=\"ut-social-follow-link\" title=\"Instagram\" href=\"https:\/\/www.instagram.com\/frannikho\/\" area-label=\"fa instagram\" target=\"_blank\" ><i class=\"fa fa-instagram\"><\/i><\/a><\/li><li  class=\"ut-social-follow-2 ut-social-follow-icon-only \"><a class=\"ut-social-follow-link\" title=\"\" href=\"https:\/\/francisco701.medium.com\/tres-debates-sobre-el-arte-e6745b980116\" area-label=\"fa globe\" target=\"_blank\" ><i class=\"fa fa-globe\"><\/i><\/a><\/li><\/ul><\/div>[\/vc_column][\/vc_row][vc_row][vc_column]<div id=\"ut_oms_69f52e5b86923\" class=\"wpb_content_element \"><style type=\"text\/css\"> #ut_oms_69f52e5b86923 .ut-gallery-slider-caption {color: #ffffff;} #ut_oms_69f52e5b86923 .ut-gallery-slider-caption {font-weight: bold;} #ut_oms_69f52e5b86923 .ut-gallery-slider-caption-wrap::before {color: #ffffff;} #ut_oms_69f52e5b86923 .ut-gallery-slider-caption-wrap::before {font-size: Rodaje Baudilio;}<\/style><div class=\"ut-owl-gallery-slider-wrap ut-owl-gallery-slider-style-two\"><div id=\"ut_ms_69f52e5b86922\" class=\"ut-owl-gallery-slider owl-carousel owl-theme  ut-owl-slider-with-caption-below ut-owl-carousel\" data-settings=\"{&quot;items&quot;:&quot;2&quot;,&quot;lazyLoad&quot;:true,&quot;smartSpeed&quot;:600,&quot;animateIn&quot;:false,&quot;animateOut&quot;:false,&quot;autoplay&quot;:true,&quot;autoplayHoverPause&quot;:true,&quot;autoplayTimeout&quot;:&quot;2000&quot;,&quot;loop&quot;:true,&quot;nav&quot;:false,&quot;dots&quot;:false,&quot;responsiveClass&quot;:true,&quot;responsive&quot;:{&quot;0&quot;:{&quot;items&quot;:1},&quot;768&quot;:{&quot;items&quot;:1},&quot;1025&quot;:{&quot;items&quot;:&quot;2&quot;}},&quot;lightbox&quot;:&quot;yes&quot;}\"><div><figure data-caption=\"Instalaci\u00f3n 2020\" class=\"ut-gallery-slider-caption-wrap\"><a data-title=\"Memoria Viva\" data-caption=\"Instalaci\u00f3n 2020\" data-caption-color=\"\" data-caption-background=\"\" data-sub-html=\"#ut-image-caption-11174\" data-exthumbimage=\"https:\/\/www.arteenboga.com.co\/la\/wp-content\/uploads\/2022\/03\/resignificando-critica-destacada-1-200x200.jpg\" href=\"https:\/\/www.arteenboga.com.co\/la\/wp-content\/uploads\/2022\/03\/resignificando-critica-destacada-1.jpg\" class=\"for-lightbox ut-slider-maximize\"><i class=\"Bklyn-Core-Maximize-3\"><\/i><\/a><img alt=\"Instalaci\u00f3n 2020\" class=\"item owl-lazy\" data-src=\"https:\/\/www.arteenboga.com.co\/la\/wp-content\/uploads\/2022\/03\/resignificando-critica-destacada-1.jpg\" \/><\/figure><div class=\"ut-gallery-slider-caption\">Instalaci\u00f3n 2020<\/div><div id=\"ut-image-caption-11174\" class=\"ut-vc-images-lightbox-caption\">Instalaci\u00f3n 2020<\/div><\/div><div><figure data-caption=\"Instalaci\u00f3n 2020\" class=\"ut-gallery-slider-caption-wrap\"><a data-title=\"\u00a1NO!, Repetici\u00f3n\" data-caption=\"Instalaci\u00f3n 2020\" data-caption-color=\"\" data-caption-background=\"\" data-sub-html=\"#ut-image-caption-11172\" data-exthumbimage=\"https:\/\/www.arteenboga.com.co\/la\/wp-content\/uploads\/2022\/03\/no-repeticion-detalle-gota-200x200.jpg\" href=\"https:\/\/www.arteenboga.com.co\/la\/wp-content\/uploads\/2022\/03\/no-repeticion-detalle-gota.jpg\" class=\"for-lightbox ut-slider-maximize\"><i class=\"Bklyn-Core-Maximize-3\"><\/i><\/a><img alt=\"Instalaci\u00f3n 2020\" class=\"item owl-lazy\" data-src=\"https:\/\/www.arteenboga.com.co\/la\/wp-content\/uploads\/2022\/03\/no-repeticion-detalle-gota.jpg\" \/><\/figure><div class=\"ut-gallery-slider-caption\">Instalaci\u00f3n 2020<\/div><div id=\"ut-image-caption-11172\" class=\"ut-vc-images-lightbox-caption\">Instalaci\u00f3n 2020<\/div><\/div><div><figure data-caption=\"Hidrograf\u00eda del Conflicto 2020\" class=\"ut-gallery-slider-caption-wrap\"><a data-title=\"T\u00e9cnicas Mixtas\" data-caption=\"Hidrograf\u00eda del Conflicto 2020\" data-caption-color=\"\" data-caption-background=\"\" data-sub-html=\"#ut-image-caption-11171\" data-exthumbimage=\"https:\/\/www.arteenboga.com.co\/la\/wp-content\/uploads\/2022\/03\/hidrografia-del-conflicto-200x200.jpg\" href=\"https:\/\/www.arteenboga.com.co\/la\/wp-content\/uploads\/2022\/03\/hidrografia-del-conflicto.jpg\" class=\"for-lightbox ut-slider-maximize\"><i class=\"Bklyn-Core-Maximize-3\"><\/i><\/a><img alt=\"Hidrograf\u00eda del Conflicto 2020\" class=\"item owl-lazy\" data-src=\"https:\/\/www.arteenboga.com.co\/la\/wp-content\/uploads\/2022\/03\/hidrografia-del-conflicto.jpg\" \/><\/figure><div class=\"ut-gallery-slider-caption\">Hidrograf\u00eda del Conflicto 2020<\/div><div id=\"ut-image-caption-11171\" class=\"ut-vc-images-lightbox-caption\">Hidrograf\u00eda del Conflicto 2020<\/div><\/div><div><figure data-caption=\"Instalaci\u00f3n 2020\" class=\"ut-gallery-slider-caption-wrap\"><a data-title=\"Memoria Viva\" data-caption=\"Instalaci\u00f3n 2020\" data-caption-color=\"\" data-caption-background=\"\" data-sub-html=\"#ut-image-caption-11165\" data-exthumbimage=\"https:\/\/www.arteenboga.com.co\/la\/wp-content\/uploads\/2022\/03\/relato-guillermo-memoria-200x200.jpg\" href=\"https:\/\/www.arteenboga.com.co\/la\/wp-content\/uploads\/2022\/03\/relato-guillermo-memoria.jpg\" class=\"for-lightbox ut-slider-maximize\"><i class=\"Bklyn-Core-Maximize-3\"><\/i><\/a><img alt=\"Instalaci\u00f3n 2020\" class=\"item owl-lazy\" data-src=\"https:\/\/www.arteenboga.com.co\/la\/wp-content\/uploads\/2022\/03\/relato-guillermo-memoria.jpg\" \/><\/figure><div class=\"ut-gallery-slider-caption\">Instalaci\u00f3n 2020<\/div><div id=\"ut-image-caption-11165\" class=\"ut-vc-images-lightbox-caption\">Instalaci\u00f3n 2020<\/div><\/div><div><figure data-caption=\"Instalaci\u00f3n 2020\" class=\"ut-gallery-slider-caption-wrap\"><a data-title=\"Memoria Viva Guillermo Rivera\" data-caption=\"Instalaci\u00f3n 2020\" data-caption-color=\"\" data-caption-background=\"\" data-sub-html=\"#ut-image-caption-11169\" data-exthumbimage=\"https:\/\/www.arteenboga.com.co\/la\/wp-content\/uploads\/2022\/03\/memoria-viva-guillermo-rivera-200x200.jpg\" href=\"https:\/\/www.arteenboga.com.co\/la\/wp-content\/uploads\/2022\/03\/memoria-viva-guillermo-rivera.jpg\" class=\"for-lightbox ut-slider-maximize\"><i class=\"Bklyn-Core-Maximize-3\"><\/i><\/a><img alt=\"Instalaci\u00f3n 2020\" class=\"item owl-lazy\" data-src=\"https:\/\/www.arteenboga.com.co\/la\/wp-content\/uploads\/2022\/03\/memoria-viva-guillermo-rivera.jpg\" \/><\/figure><div class=\"ut-gallery-slider-caption\">Instalaci\u00f3n 2020<\/div><div id=\"ut-image-caption-11169\" class=\"ut-vc-images-lightbox-caption\">Instalaci\u00f3n 2020<\/div><\/div><div><figure data-caption=\"Instalaci\u00f3n 2020\" class=\"ut-gallery-slider-caption-wrap\"><a data-title=\"Memoria Viva\" data-caption=\"Instalaci\u00f3n 2020\" data-caption-color=\"\" data-caption-background=\"\" data-sub-html=\"#ut-image-caption-11164\" data-exthumbimage=\"https:\/\/www.arteenboga.com.co\/la\/wp-content\/uploads\/2022\/03\/relato-asesinato-guillermo-200x200.jpg\" href=\"https:\/\/www.arteenboga.com.co\/la\/wp-content\/uploads\/2022\/03\/relato-asesinato-guillermo.jpg\" class=\"for-lightbox ut-slider-maximize\"><i class=\"Bklyn-Core-Maximize-3\"><\/i><\/a><img alt=\"Instalaci\u00f3n 2020\" class=\"item owl-lazy\" data-src=\"https:\/\/www.arteenboga.com.co\/la\/wp-content\/uploads\/2022\/03\/relato-asesinato-guillermo.jpg\" \/><\/figure><div class=\"ut-gallery-slider-caption\">Instalaci\u00f3n 2020<\/div><div id=\"ut-image-caption-11164\" class=\"ut-vc-images-lightbox-caption\">Instalaci\u00f3n 2020<\/div><\/div><div><figure data-caption=\"Instalaci\u00f3n 2020\" class=\"ut-gallery-slider-caption-wrap\"><a data-title=\"Memoria Viva\" data-caption=\"Instalaci\u00f3n 2020\" data-caption-color=\"\" data-caption-background=\"\" data-sub-html=\"#ut-image-caption-11163\" data-exthumbimage=\"https:\/\/www.arteenboga.com.co\/la\/wp-content\/uploads\/2022\/03\/relato-humberto-morales-200x200.jpg\" href=\"https:\/\/www.arteenboga.com.co\/la\/wp-content\/uploads\/2022\/03\/relato-humberto-morales.jpg\" class=\"for-lightbox ut-slider-maximize\"><i class=\"Bklyn-Core-Maximize-3\"><\/i><\/a><img alt=\"Instalaci\u00f3n 2020\" class=\"item owl-lazy\" data-src=\"https:\/\/www.arteenboga.com.co\/la\/wp-content\/uploads\/2022\/03\/relato-humberto-morales.jpg\" \/><\/figure><div class=\"ut-gallery-slider-caption\">Instalaci\u00f3n 2020<\/div><div id=\"ut-image-caption-11163\" class=\"ut-vc-images-lightbox-caption\">Instalaci\u00f3n 2020<\/div><\/div><div><figure data-caption=\"Instalaci\u00f3n 2020\" class=\"ut-gallery-slider-caption-wrap\"><a data-title=\"Memoria Viva\" data-caption=\"Instalaci\u00f3n 2020\" data-caption-color=\"\" data-caption-background=\"\" data-sub-html=\"#ut-image-caption-11173\" data-exthumbimage=\"https:\/\/www.arteenboga.com.co\/la\/wp-content\/uploads\/2022\/03\/resignificado-lejos-200x200.jpg\" href=\"https:\/\/www.arteenboga.com.co\/la\/wp-content\/uploads\/2022\/03\/resignificado-lejos.jpg\" class=\"for-lightbox ut-slider-maximize\"><i class=\"Bklyn-Core-Maximize-3\"><\/i><\/a><img alt=\"Instalaci\u00f3n 2020\" class=\"item owl-lazy\" data-src=\"https:\/\/www.arteenboga.com.co\/la\/wp-content\/uploads\/2022\/03\/resignificado-lejos.jpg\" \/><\/figure><div class=\"ut-gallery-slider-caption\">Instalaci\u00f3n 2020<\/div><div id=\"ut-image-caption-11173\" class=\"ut-vc-images-lightbox-caption\">Instalaci\u00f3n 2020<\/div><\/div><div><figure data-caption=\"Instalaci\u00f3n 2020\" class=\"ut-gallery-slider-caption-wrap\"><a data-title=\"Memoria Viva\" data-caption=\"Instalaci\u00f3n 2020\" data-caption-color=\"\" data-caption-background=\"\" data-sub-html=\"#ut-image-caption-11162\" data-exthumbimage=\"https:\/\/www.arteenboga.com.co\/la\/wp-content\/uploads\/2022\/03\/asesinato-humberto-morales-200x200.jpg\" href=\"https:\/\/www.arteenboga.com.co\/la\/wp-content\/uploads\/2022\/03\/asesinato-humberto-morales.jpg\" class=\"for-lightbox ut-slider-maximize\"><i class=\"Bklyn-Core-Maximize-3\"><\/i><\/a><img alt=\"Instalaci\u00f3n 2020\" class=\"item owl-lazy\" data-src=\"https:\/\/www.arteenboga.com.co\/la\/wp-content\/uploads\/2022\/03\/asesinato-humberto-morales.jpg\" \/><\/figure><div class=\"ut-gallery-slider-caption\">Instalaci\u00f3n 2020<\/div><div id=\"ut-image-caption-11162\" class=\"ut-vc-images-lightbox-caption\">Instalaci\u00f3n 2020<\/div><\/div><div><figure data-caption=\"Instalaci\u00f3n 2020\" class=\"ut-gallery-slider-caption-wrap\"><a data-title=\"Memoria Viva\" data-caption=\"Instalaci\u00f3n 2020\" data-caption-color=\"\" data-caption-background=\"\" data-sub-html=\"#ut-image-caption-11160\" data-exthumbimage=\"https:\/\/www.arteenboga.com.co\/la\/wp-content\/uploads\/2022\/03\/relato-jaime-gomez-200x200.jpg\" href=\"https:\/\/www.arteenboga.com.co\/la\/wp-content\/uploads\/2022\/03\/relato-jaime-gomez.jpg\" class=\"for-lightbox ut-slider-maximize\"><i class=\"Bklyn-Core-Maximize-3\"><\/i><\/a><img alt=\"Instalaci\u00f3n 2020\" class=\"item owl-lazy\" data-src=\"https:\/\/www.arteenboga.com.co\/la\/wp-content\/uploads\/2022\/03\/relato-jaime-gomez.jpg\" \/><\/figure><div class=\"ut-gallery-slider-caption\">Instalaci\u00f3n 2020<\/div><div id=\"ut-image-caption-11160\" class=\"ut-vc-images-lightbox-caption\">Instalaci\u00f3n 2020<\/div><\/div><div><figure data-caption=\"Instalaci\u00f3n 2020\" class=\"ut-gallery-slider-caption-wrap\"><a data-title=\"Memoria Viva Jaime Gomez\" data-caption=\"Instalaci\u00f3n 2020\" data-caption-color=\"\" data-caption-background=\"\" data-sub-html=\"#ut-image-caption-11167\" data-exthumbimage=\"https:\/\/www.arteenboga.com.co\/la\/wp-content\/uploads\/2022\/03\/memoria-viva-jaime-gomez-200x200.jpg\" href=\"https:\/\/www.arteenboga.com.co\/la\/wp-content\/uploads\/2022\/03\/memoria-viva-jaime-gomez.jpg\" class=\"for-lightbox ut-slider-maximize\"><i class=\"Bklyn-Core-Maximize-3\"><\/i><\/a><img alt=\"Instalaci\u00f3n 2020\" class=\"item owl-lazy\" data-src=\"https:\/\/www.arteenboga.com.co\/la\/wp-content\/uploads\/2022\/03\/memoria-viva-jaime-gomez.jpg\" \/><\/figure><div class=\"ut-gallery-slider-caption\">Instalaci\u00f3n 2020<\/div><div id=\"ut-image-caption-11167\" class=\"ut-vc-images-lightbox-caption\">Instalaci\u00f3n 2020<\/div><\/div><div><figure data-caption=\"Instalaci\u00f3n 2020\" class=\"ut-gallery-slider-caption-wrap\"><a data-title=\"Memoria Viva\" data-caption=\"Instalaci\u00f3n 2020\" data-caption-color=\"\" data-caption-background=\"\" data-sub-html=\"#ut-image-caption-11161\" data-exthumbimage=\"https:\/\/www.arteenboga.com.co\/la\/wp-content\/uploads\/2022\/03\/asesinato-jaime-gomez-200x200.jpg\" href=\"https:\/\/www.arteenboga.com.co\/la\/wp-content\/uploads\/2022\/03\/asesinato-jaime-gomez.jpg\" class=\"for-lightbox ut-slider-maximize\"><i class=\"Bklyn-Core-Maximize-3\"><\/i><\/a><img alt=\"Instalaci\u00f3n 2020\" class=\"item owl-lazy\" data-src=\"https:\/\/www.arteenboga.com.co\/la\/wp-content\/uploads\/2022\/03\/asesinato-jaime-gomez.jpg\" \/><\/figure><div class=\"ut-gallery-slider-caption\">Instalaci\u00f3n 2020<\/div><div id=\"ut-image-caption-11161\" class=\"ut-vc-images-lightbox-caption\">Instalaci\u00f3n 2020<\/div><\/div><\/div><a href=\"#\" data-for=\"ut_ms_69f52e5b86922\" class=\"ut-prev-gallery-slide \"><i class=\"Bklyn-Core-Left-2\"><\/i><\/a><a href=\"#\" data-for=\"ut_ms_69f52e5b86922\" class=\"ut-next-gallery-slide \"><i class=\"Bklyn-Core-Right-2\"><\/i><\/a><\/div><\/div>[\/vc_column][\/vc_row][vc_row][vc_column offset=\u00bbvc_col-lg-offset-2 vc_col-lg-8&#8243;][vc_column_text]<\/p>\n<h2><span style=\"font-weight: 400;\"><b>Leitmotiv<\/b><\/span><\/h2>\n<p><span style=\"font-weight: 400;\">\u00bfTiene el arte una funci\u00f3n social? Abro el debate con esta pregunta, pues el artista visual Francisco Mar\u00edn pone este cuestionamiento en el centro de su obra, proponi\u00e9ndonos un di\u00e1logo acerca las implicaciones que tiene la esfera de lo pol\u00edtico como espacio de participaci\u00f3n activa, dentro de las pr\u00e1cticas art\u00edsticas contempor\u00e1neas y como esto, puede resignificar los modos de hacer en el campo de arte, aboc\u00e1ndonos a pensar en una posici\u00f3n desde la cual se pueda resignificar la obra de arte en su dimensi\u00f3n cr\u00edtica y est\u00e9tica.<\/span><\/p>\n<p><span style=\"font-weight: 400;\">En un contexto como el nuestro, la prolongada exposici\u00f3n a los hechos violentos, ha generado una saturaci\u00f3n de las im\u00e1genes de muerte, sin embargo, no es la cantidad de im\u00e1genes que circulan lo que genera dicha saturaci\u00f3n, es la ausencia de identidad de esos cuerpos que mueren y la opacidad que generan los discursos que acompa\u00f1an dichas im\u00e1genes, por esta raz\u00f3n, se hace indispensable construir otros lenguajes est\u00e9ticos que le devuelvan a la imagen esa capacidad de irrumpir y trastocar al espectador, sugiriendo otras formas de ver, sentir y narrar lo que ocurre en nuestro contexto, pues; \u201c<\/span><i><span style=\"font-weight: 400;\">La tarea del arte consiste entonces en jugar con la ambigu\u0308edad de las semejanzas y la inestabilidad de las diferencias, operar una redisposici\u00f3n local, un ordenamiento singular de las im\u00e1genes en circulaci\u00f3n.\u201d <\/span><\/i><span style=\"font-weight: 400;\">(Ranci\u00e8re, 2011).<\/span><\/p>\n<p><span style=\"font-weight: 400;\">En el campo de creaci\u00f3n art\u00edstica, no basta con tener clara una posici\u00f3n desde donde enunciar el discurso de la obra, pues \u00e9sta significa a partir de los elementos est\u00e9ticos que la componen y es precisamente esa construcci\u00f3n del lenguaje art\u00edstico, la que requiere un cambio para llegar a otras esferas de lo p\u00fablico; \u201c<\/span><i><span style=\"font-weight: 400;\">Transgredir esas realidades que tenemos en lo inmediato, o sea hacia donde estamos creando arte\u2026 hasta donde yo como artista empiezo a producir precisamente para hacer cercano ese arte, o esa promesa del arte, de llegar otros lugares y enunciarnos desde otros espacios, y creo que ese es el debate de fondo.\u201d<\/span><\/i><span style=\"font-weight: 400;\"> (Mar\u00edn, 2022)<\/span><\/p>\n<p><span style=\"font-weight: 400;\">Lo anterior, permite descentralizar los discursos del arte, ampliando los espacios de circulaci\u00f3n en que se mueven las pr\u00e1cticas art\u00edsticas, posibilitando un reordenamiento de los lugares desde donde se piensa y crea la obra arte, y como est\u00e1 responde a las necesidades de un contexto que demanda otras formas de creaci\u00f3n est\u00e9tica y conceptual.\u00a0 <\/span>[\/vc_column_text][vc_separator color=\u00bbcustom\u00bb accent_color=\u00bb#dddddd\u00bb]<style type=\"text\/css\">#ut_custom_heading69f52e5b907c8 { font-family: \"Poppins\";font-weight:400;font-style:normal; }#ut_custom_heading69f52e5b907c8 { font-size:17px !important;line-height:125% !important; }@media (min-width: 1025px) and (max-width: 1679px) {#ut_custom_heading69f52e5b907c8 { line-height:125% !important; }}@media (min-width: 768px) and (max-width: 1024px) {#ut_custom_heading69f52e5b907c8 { line-height:125% !important; }}@media (max-width: 767px) {#ut_custom_heading69f52e5b907c8 { line-height:125% !important; }}#ut_custom_heading69f52e5b907c8 { font-style:normal; }#ut_custom_heading69f52e5b907c8 { text-align:center; }@media (min-width: 768px) and (max-width: 1024px) { #ut_custom_heading69f52e5b907c8 { text-align:center; } }@media (max-width: 767px) { #ut_custom_heading69f52e5b907c8 { text-align:center; } }#ut_custom_heading69f52e5b907c8 { text-transform:none; }<\/style><h2 id=\"ut_custom_heading69f52e5b907c8\" data-responsive-font=\"h2\" data-responsive-font-settings=\"{&quot;base-font-size&quot;:&quot;17&quot;,&quot;font-size-unit&quot;:&quot;px&quot;,&quot;font-size&quot;:{&quot;desktop_large&quot;:&quot;17&quot;},&quot;base-line-height&quot;:&quot;125&quot;,&quot;line-height-unit&quot;:&quot;%&quot;,&quot;line-height&quot;:{&quot;desktop_large&quot;:&quot;125&quot;,&quot;desktop_small&quot;:&quot;125&quot;,&quot;tablet&quot;:&quot;125&quot;,&quot;mobile&quot;:&quot;125&quot;},&quot;base-letter-spacing&quot;:&quot;global&quot;}\" class=\"ut-custom-heading-module  \" ><span class=\"\" >\u201cTransgredir esas realidades que tenemos en lo inmediato, o sea hacia donde estamos creando arte\u2026 hasta donde yo como artista empiezo a producir precisamente para hacer cercano ese arte, o esa promesa del arte, de llegar otros lugares y enunciarnos desde otros espacios, y creo que ese es el debate de fondo.\u201d<br \/>\n<\/span><\/h2>[\/vc_column][\/vc_row][vc_row][vc_column offset=\u00bbvc_col-lg-offset-0&#8243;]<div class=\"wpb_content_element   clearfix\"><style type=\"text\/css\">#ut_ig_69f52e5b908a7 .ut-lazy:not(.ut-image-loaded) + .ut-video-module-loading { display:block; }#ut_ig_69f52e5b908a7 .ut-lazy.ut-image-loaded + .ut-video-module-loading { display:none; }#ut_ig_69f52e5b908a7 .ut-animate-gallery-element { opacity: 0; }#ut_ig_69f52e5b908a7 .ut-image-gallery-item-caption-title h3 { text-transform: capitalize; }#ut_ig_69f52e5b908a7 .ut-image-gallery-item-caption-title h3 { font-weight: normal; }#ut_ig_69f52e5b908a7 .ut-gallery-slider-caption { font-weight: bold; }<\/style><div id=\"ut_ig_69f52e5b908a7\" class=\"ut-image-gallery ut-image-gallery-module  clearfix\" data-settings=\"{&quot;animate&quot;:true,&quot;effect&quot;:&quot;slideInLeft&quot;,&quot;lazy&quot;:true,&quot;delay_animation&quot;:true,&quot;global_delay_animation&quot;:false,&quot;delay_timer&quot;:&quot;500&quot;,&quot;global_delay_timer&quot;:100}\" ><div data-effect=\"slideInLeft\" data-animateonce=\"yes\" data-count=\"2\" class=\"ut-image-gallery-item ut-animate-gallery-element animated  grid-50 tablet-grid-50 mobile-grid-100\"><a  class=\"ut-vc-images-lightbox ut-vc-images-lightbox-group-image\" data-sub-html=\"#ut-image-caption-11175\" data-exthumbimage=\"https:\/\/www.arteenboga.com.co\/la\/wp-content\/uploads\/2022\/03\/no-repeticion-cri\u0301tica-200x200.jpg\" href=\"https:\/\/www.arteenboga.com.co\/la\/wp-content\/uploads\/2022\/03\/no-repeticion-cri\u0301tica.jpg\" data-title=\"Instalaci\u00f3n\" data-caption=\"\u00a1NO!, Repetici\u00f3n 2020\" data-caption-color=\"\" data-caption-background=\"\"><div class=\"ut-image-gallery-image\" ><img loading=\"lazy\" decoding=\"async\"  class=\" ut-lazy skip-lazy\" src=\"data:image\/svg+xml;charset=utf-8,%3Csvg xmlns%3D'http%3A%2F%2Fwww.w3.org%2F2000%2Fsvg' viewBox%3D'0 0 1600 900'%2F%3E\" data-src=\"https:\/\/www.arteenboga.com.co\/la\/wp-content\/uploads\/2022\/03\/no-repeticion-cri\u0301tica.jpg\" width=\"1600\" height=\"900\"><div class=\"ut-image-gallery-image-caption\"><div class=\"ut-image-gallery-item-caption-title\"><h3>Instalaci\u00f3n \/ Arte Pol\u00edtico<\/h3><\/div><\/div><\/div><div id=\"ut-image-caption-11175\" class=\"ut-vc-images-lightbox-caption\">\u00a1NO!, Repetici\u00f3n 2020<\/div><\/a><div class=\"ut-gallery-slider-caption\">\u00a1NO!, Repetici\u00f3n 2020<\/div><\/div><div data-effect=\"slideInLeft\" data-animateonce=\"yes\" data-count=\"2\" class=\"ut-image-gallery-item ut-animate-gallery-element animated   grid-50 tablet-grid-50 mobile-grid-100\"><a  class=\"ut-vc-images-lightbox ut-vc-images-lightbox-group-image\" data-sub-html=\"#ut-image-caption-11168\" data-exthumbimage=\"https:\/\/www.arteenboga.com.co\/la\/wp-content\/uploads\/2022\/03\/memoria-viva-humberto-morales-200x200.jpg\" href=\"https:\/\/www.arteenboga.com.co\/la\/wp-content\/uploads\/2022\/03\/memoria-viva-humberto-morales.jpg\" data-title=\"Instalaci\u00f3n\" data-caption=\"Memoria Viva 2020\" data-caption-color=\"\" data-caption-background=\"\"><div class=\"ut-image-gallery-image\" ><img loading=\"lazy\" decoding=\"async\"  class=\" ut-lazy skip-lazy\" src=\"data:image\/svg+xml;charset=utf-8,%3Csvg xmlns%3D'http%3A%2F%2Fwww.w3.org%2F2000%2Fsvg' viewBox%3D'0 0 1600 900'%2F%3E\" data-src=\"https:\/\/www.arteenboga.com.co\/la\/wp-content\/uploads\/2022\/03\/memoria-viva-humberto-morales.jpg\" width=\"1600\" height=\"900\"><div class=\"ut-image-gallery-image-caption\"><div class=\"ut-image-gallery-item-caption-title\"><h3>Instalaci\u00f3n \/ Arte Pol\u00edtico<\/h3><\/div><\/div><\/div><div id=\"ut-image-caption-11168\" class=\"ut-vc-images-lightbox-caption\">Memoria Viva 2020<\/div><\/a><div class=\"ut-gallery-slider-caption\">Memoria Viva 2020<\/div><\/div><div class=\"ut-image-gallery-sizer\"><\/div><div class=\"clear\"><\/div><\/div><\/div>[\/vc_column][\/vc_row][vc_row][vc_column offset=\u00bbvc_col-lg-offset-2 vc_col-lg-8&#8243;][vc_column_text]<\/p>\n<h2><b>Tres debates sobre el arte<\/b><\/h2>\n<p><span style=\"font-weight: 400;\">Francisco Mar\u00edn tiene un profundo inter\u00e9s por lo social, su obra aborda temas relacionados con la memoria y la verdad, como un ejercicio incansable de reparaci\u00f3n y la lucha contra la impunidad.\u00a0 En esta l\u00ednea discursiva aparece <em>\u201cMemoria Viva\u201d<\/em>, una instalaci\u00f3n art\u00edstica que busca generar en el espectador una conexi\u00f3n con las historias de vida de Humberto Morales S\u00e1nchez, Guillermo Rivera y Jaime G\u00f3mez; todos l\u00edderes sindicales asesinados en diferentes \u00e9pocas del pa\u00eds.\u00a0\u00a0<\/span><\/p>\n<p><span style=\"font-weight: 400;\">A partir de una serie de relatos en primera persona, Francisco pretende devolver la voz a las v\u00edctimas como una especie de reparaci\u00f3n simb\u00f3lica, que pone en evidencia el papel del estado en dichas desapariciones y la importancia de visibilizar estas historias desde otras narrativas. <\/span><i><span style=\"font-weight: 400;\">\u201cEs una instalaci\u00f3n que busca llevar a plantearnos un ejercicio fuerte contra el olvido y precisamente c\u00f3mo se hace viva una memoria, como la planteamos en t\u00e9rminos de narrativa para que muchas veces, no solo nos paremos desde el dolor, que es importante plantearlo, sino que tambi\u00e9n fortalezcamos otros escenarios.\u201d <\/span><\/i><span style=\"font-weight: 400;\">(Mar\u00edn, 2022)\u00a0<\/span><\/p>\n<p><span style=\"font-weight: 400;\">Los elementos est\u00e9ticos que la componen juegan un papel preponderante en el desarrollo narrativo; la luz y la oscuridad interpelan los relatos, las im\u00e1genes de las v\u00edctimas y el ejercicio sonoro; entrelazan las historias y \u00e9stas a su vez, nos abocan a construir nuestra propia versi\u00f3n de los hechos, implic\u00e1ndonos en la acci\u00f3n.\u00a0<\/span><\/p>\n<p><span style=\"font-weight: 400;\">Es importante destacar que el desarrollo narrativo de los relatos, es producto de un trabajo colectivo con familiares de las v\u00edctimas, de esta manera Francisco propicia un espacio de di\u00e1logo y reconstrucci\u00f3n de la memoria que amplifica la mirada sobre los hechos y dinamiza los lugares desde donde se ha contado la historia.\u00a0 Lo anterior, le permite interpelar los discursos dominantes que se han establecido alrededor de estos cr\u00edmenes de estado, para poner de nuevo el foco en la importancia que tiene el esclarecimiento de la verdad, la justicia y reparaci\u00f3n para las v\u00edctimas.\u00a0<\/span><\/p>\n<p><span style=\"font-weight: 400;\"><em>\u201cHidrograf\u00eda del Conflicto Nari\u00f1ense\u201d<\/em> es otra de las piezas que compone la serie, en esta Francisco aborda el tema del territorio para cuestionar las din\u00e1micas e intereses que se mueven alrededor de los r\u00edos, y como estos contienen las memorias de los cuerpos que han desaparecido, as\u00ed como las luchas y las resistencias que se siguen gestando en estos territorios, a causa de los diferentes actores del conflicto.\u00a0 A partir de una t\u00e9cnica mixta; vidrio, resina y tierra, Francisco sugiere una relaci\u00f3n significante entre los materiales, que habilita la multiplicidad de lecturas y los discursos asociados a ellas.\u00a0<\/span><\/p>\n<p><span style=\"font-weight: 400;\">En la misma l\u00ednea, nos encontramos con la obra <em>\u00a1NO! Repetici\u00f3n<\/em>, esta instalaci\u00f3n propone una cronolog\u00eda de la guerra, a partir de una serie de elementos que conjugan la idea de suspensi\u00f3n y continuidad, las causas y consecuencias del derramamiento de sangre perpetuado en nuestro pa\u00eds y la importancia que tiene una verdadera reestructuraci\u00f3n pol\u00edtica en funci\u00f3n de la transformaci\u00f3n social, y como a trav\u00e9s de \u00e9sta podemos acercarnos realmente a esa idea de la paz que tanto hemos anhelado.\u00a0<\/span><\/p>\n<p><span style=\"font-weight: 400;\">Por \u00faltimo, en la instalaci\u00f3n digital <em>\u201cGrupo Dimar Torres. Un campo de ficci\u00f3n\u201d<\/em>, Francisco nos obliga desde el espacio de la virtualidad a ser c\u00f3mplices y testigos de la ejecuci\u00f3n de Dimar, uno de los primeros excombatientes asesinados en Norte de Santander, despu\u00e9s de la firma de los acuerdos de paz, por cuenta de un grupo de militares en esa zona del pa\u00eds.\u00a0 La materialidad de la obra es una tablet empotrada en un cuadro que nos muestra en tiempo real, una conversaci\u00f3n de WhatsApp donde se da la orden de asesinar a este excombatiente. Esta pieza es inquietante pues nos intriga saber que sucede minutos previos al desenlace y tambi\u00e9n nos trastoca la idea de estar ante la presencia de un suceso que no podemos detener. <\/span><i><span style=\"font-weight: 400;\">\u201cEs la ficci\u00f3n de una realidad virtual que se configura como un nuevo campo de disputa, que habita en la nube, que conspira en la red oculta, que pone en crisis sistemas pol\u00edticos con armas cibern\u00e9ticas o qu\u00edmicas, armas con inteligencia artificial que con solo un \u201cclic\u201d eliminan el enemigo.\u201d<\/span><\/i><span style=\"font-weight: 400;\"> (Mar\u00edn, 2020)<\/span>[\/vc_column_text][\/vc_column][\/vc_row][vc_row][vc_column offset=\u00bbvc_col-lg-offset-0&#8243;]<div class=\"wpb_content_element   clearfix\"><style type=\"text\/css\">#ut_ig_69f52e5b919e7 .ut-lazy:not(.ut-image-loaded) + .ut-video-module-loading { display:block; }#ut_ig_69f52e5b919e7 .ut-lazy.ut-image-loaded + .ut-video-module-loading { display:none; }#ut_ig_69f52e5b919e7 .ut-animate-gallery-element { opacity: 0; }#ut_ig_69f52e5b919e7 .ut-image-gallery-item-caption-title h3 { text-transform: capitalize; }#ut_ig_69f52e5b919e7 .ut-image-gallery-item-caption-title h3 { font-weight: normal; }#ut_ig_69f52e5b919e7 .ut-gallery-slider-caption { font-weight: bold; }<\/style><div id=\"ut_ig_69f52e5b919e7\" class=\"ut-image-gallery ut-image-gallery-module  clearfix\" data-settings=\"{&quot;animate&quot;:true,&quot;effect&quot;:&quot;bounceInRight&quot;,&quot;lazy&quot;:true,&quot;delay_animation&quot;:true,&quot;global_delay_animation&quot;:false,&quot;delay_timer&quot;:&quot;500&quot;,&quot;global_delay_timer&quot;:100}\" ><div data-effect=\"bounceInRight\" data-animateonce=\"yes\" data-count=\"2\" class=\"ut-image-gallery-item ut-animate-gallery-element animated  grid-50 tablet-grid-50 mobile-grid-100\"><a  class=\"ut-vc-images-lightbox ut-vc-images-lightbox-group-image\" data-sub-html=\"#ut-image-caption-11171\" data-exthumbimage=\"https:\/\/www.arteenboga.com.co\/la\/wp-content\/uploads\/2022\/03\/hidrografia-del-conflicto-200x200.jpg\" href=\"https:\/\/www.arteenboga.com.co\/la\/wp-content\/uploads\/2022\/03\/hidrografia-del-conflicto.jpg\" data-title=\"T\u00e9cnicas Mixtas\" data-caption=\"Hidrograf\u00eda del Conflicto 2020\" data-caption-color=\"\" data-caption-background=\"\"><div class=\"ut-image-gallery-image\" ><img loading=\"lazy\" decoding=\"async\"  class=\" ut-lazy skip-lazy\" src=\"data:image\/svg+xml;charset=utf-8,%3Csvg xmlns%3D'http%3A%2F%2Fwww.w3.org%2F2000%2Fsvg' viewBox%3D'0 0 1600 900'%2F%3E\" data-src=\"https:\/\/www.arteenboga.com.co\/la\/wp-content\/uploads\/2022\/03\/hidrografia-del-conflicto.jpg\" width=\"1600\" height=\"900\"><div class=\"ut-image-gallery-image-caption\"><div class=\"ut-image-gallery-item-caption-title\"><h3>Instalaci\u00f3n \/ Arte Pol\u00edtico<\/h3><\/div><\/div><\/div><div id=\"ut-image-caption-11171\" class=\"ut-vc-images-lightbox-caption\">Hidrograf\u00eda del Conflicto 2020<\/div><\/a><div class=\"ut-gallery-slider-caption\">Hidrograf\u00eda del Conflicto 2020<\/div><\/div><div data-effect=\"bounceInRight\" data-animateonce=\"yes\" data-count=\"2\" class=\"ut-image-gallery-item ut-animate-gallery-element animated   grid-50 tablet-grid-50 mobile-grid-100\"><a  class=\"ut-vc-images-lightbox ut-vc-images-lightbox-group-image\" data-sub-html=\"#ut-image-caption-11166\" data-exthumbimage=\"https:\/\/www.arteenboga.com.co\/la\/wp-content\/uploads\/2022\/03\/grupo-dimar-ficcion-200x200.jpg\" href=\"https:\/\/www.arteenboga.com.co\/la\/wp-content\/uploads\/2022\/03\/grupo-dimar-ficcion.jpg\" data-title=\"Instalaci\u00f3n Digital\" data-caption=\"Grupo Dimar Torres, Un campo de Ficci\u00f3n 2020\" data-caption-color=\"\" data-caption-background=\"\"><div class=\"ut-image-gallery-image\" ><img loading=\"lazy\" decoding=\"async\"  class=\" ut-lazy skip-lazy\" src=\"data:image\/svg+xml;charset=utf-8,%3Csvg xmlns%3D'http%3A%2F%2Fwww.w3.org%2F2000%2Fsvg' viewBox%3D'0 0 1600 900'%2F%3E\" data-src=\"https:\/\/www.arteenboga.com.co\/la\/wp-content\/uploads\/2022\/03\/grupo-dimar-ficcion.jpg\" width=\"1600\" height=\"900\"><div class=\"ut-image-gallery-image-caption\"><div class=\"ut-image-gallery-item-caption-title\"><h3>Instalaci\u00f3n \/ Arte Pol\u00edtico<\/h3><\/div><\/div><\/div><div id=\"ut-image-caption-11166\" class=\"ut-vc-images-lightbox-caption\">Grupo Dimar Torres, Un campo de Ficci\u00f3n 2020<\/div><\/a><div class=\"ut-gallery-slider-caption\">Grupo Dimar Torres, Un campo de Ficci\u00f3n 2020<\/div><\/div><div class=\"ut-image-gallery-sizer\"><\/div><div class=\"clear\"><\/div><\/div><\/div>[\/vc_column][\/vc_row][vc_row][vc_column offset=\u00bbvc_col-lg-offset-2 vc_col-lg-8&#8243;][vc_column_text]<\/p>\n<h2><b>Ruta creativa<\/b><\/h2>\n<p><span style=\"font-weight: 400;\">A partir de este proceso de investigaci\u00f3n Francisco sugiere a los artistas encontrar una <em>\u201cRuta Creativa\u201d<\/em> que articule lo cr\u00edtico, lo est\u00e9tico y lo pol\u00edtico en funci\u00f3n de un arte que posibilite la participaci\u00f3n activa del espectador, que cuestione el ver y sentir de la obra art\u00edstica y que a su vez, promueva debates frente a temas p\u00fablicos, apost\u00e1ndole a un arte que se mueva por fuera de los espacios institucionalizados, que promueva la emancipaci\u00f3n y el intercambio de saberes a partir del material sensible.\u00a0<\/span><\/p>\n<p><span style=\"font-weight: 400;\">Esta propuesta va m\u00e1s all\u00e1 de la obra art\u00edstica pues piensa como una apuesta pedag\u00f3gica, que le permita al arte expandir sus espacios de circulaci\u00f3n y difusi\u00f3n, y de esta manera impactar de manera positiva a diferentes sectores de la sociedad, sensibilizando y construyendo identidades colectivas alrededor del arte y como \u00e9ste puede ser un puente de entendimiento de la vida y de la resignificaci\u00f3n del tejido social. \u00a1Larga vida a este proyecto!<\/span><\/p>\n<p><span style=\"font-weight: 400;\">FICHA T\u00c9CNICA \/ T\u00edtulo: \u201cResignificaci\u00f3n de la Dimensi\u00f3n Cr\u00edtica\u201d La est\u00e9tica y lo pol\u00edtico en los procesos y pr\u00e1cticas de creaci\u00f3n art\u00edstica. Artista: Francisco Mar\u00edn. Formato: Instalaci\u00f3n. T\u00e9cnicas Mixtas. Pa\u00eds: Colombia A\u00f1o: 2021<\/span>[\/vc_column_text][\/vc_column][\/vc_row][\/vc_section][vc_section][vc_row][vc_column]<div class=\"wpb_content_element \"><style type=\"text\/css\">#ut_vs_69f52e5b928f8.ut-shortcode-video-wrap .ut-video-module-caption-text span { font-weight: bold; }#ut_vs_69f52e5b928f8.ut-shortcode-video-wrap .ut-video-module-play-icon { margin-right: 20px; }<\/style><div id=\"ut_vs_69f52e5b928f8\" class=\"ut-shortcode-video-wrap  ut-shortcode-video-wrap-tablet- ut-shortcode-video-wrap-mobile- clearfix\" ><div id=\"ut_reveal_69f52e5b928fa\"  class=\"ut-video-module \"><div class=\"ut-video-module-caption \"><a class=\"ut-load-video \" data-source=\"mp4\" data-autoplay=\"0\" data-nonce=\"bd09b85661\" data-location=\"inline\"   data-video=\"https:\/\/www.youtube.com\/watch?v=BLbsQstV0nc\" data-html=\"#ut_vid_69f52e5b964ba\">\r\n        <img loading=\"lazy\" decoding=\"async\" data-adaptive-images=\"{&quot;300&quot;:&quot;https:\\\/\\\/www.arteenboga.com.co\\\/la\\\/wp-content\\\/uploads\\\/2022\\\/03\\\/resignificando-critica-destacada-1-300x169.jpg&quot;,&quot;500&quot;:&quot;https:\\\/\\\/www.arteenboga.com.co\\\/la\\\/wp-content\\\/uploads\\\/2022\\\/03\\\/resignificando-critica-destacada-1-500x281.jpg&quot;,&quot;750&quot;:&quot;https:\\\/\\\/www.arteenboga.com.co\\\/la\\\/wp-content\\\/uploads\\\/2022\\\/03\\\/resignificando-critica-destacada-1-750x422.jpg&quot;,&quot;1000&quot;:&quot;https:\\\/\\\/www.arteenboga.com.co\\\/la\\\/wp-content\\\/uploads\\\/2022\\\/03\\\/resignificando-critica-destacada-1-1000x563.jpg&quot;,&quot;1500&quot;:&quot;https:\\\/\\\/www.arteenboga.com.co\\\/la\\\/wp-content\\\/uploads\\\/2022\\\/03\\\/resignificando-critica-destacada-1-1500x844.jpg&quot;,&quot;2500&quot;:&quot;https:\\\/\\\/www.arteenboga.com.co\\\/la\\\/wp-content\\\/uploads\\\/2022\\\/03\\\/resignificando-critica-destacada-1-2500x1406.jpg&quot;}\" alt=\"Instalaci\u00f3n 2020\" src=\"data:image\/svg+xml;charset=utf-8,%3Csvg xmlns%3D&#039;http%3A%2F%2Fwww.w3.org%2F2000%2Fsvg&#039; viewBox%3D&#039;0 0 1500 844&#039;%2F%3E\" width=\"1500\" height=\"844\" data-src=\"https:\/\/www.arteenboga.com.co\/la\/wp-content\/uploads\/2022\/03\/resignificando-critica-destacada-1-1500x844.jpg\" data-image-id=\"11174\" class=\"ut-adaptive-image wp-post-image skip-lazy \">\r\n\r\n        <div class=\"ut-video-module-caption-text\"><div class=\"ut-video-module-inner-caption-text  ut-video-module-caption-position-default\"><div class=\"ut-video-module-play-icon \"><i class=\"Bklyn-Core-Right-6\" aria-hidden=\"true\"><\/i><\/div><span>Arte y V\u00edctimas<\/span><\/div><\/div><\/a><\/div><div class=\"ut-video-module-loading\"><div class=\"ut-image-gallery-loader\"><div class=\"ut-image-gallery-loader-inner\"><\/div><\/div><\/div><\/div><\/div><\/div>[\/vc_column][\/vc_row][\/vc_section]<\/p>\n<\/div>","protected":false},"excerpt":{"rendered":"<p>El artista visual Francisco Mar\u00edn, a trav\u00e9s de la obra \u00abTres debates sobre el arte\u00bb, plantea la importancia de resignificar la dimensi\u00f3n cr\u00edtica en la obra de arte desde una apuesta pol\u00edtica.<\/p>\n","protected":false},"author":2,"featured_media":10863,"comment_status":"closed","ping_status":"open","sticky":false,"template":"","format":"gallery","meta":{"footnotes":""},"categories":[175,89,90],"tags":[177,176,146],"class_list":["post-10804","post","type-post","status-publish","format-gallery","has-post-thumbnail","hentry","category-arte-politico","category-instalacion-artistica","category-victimas","tag-artes-visuales","tag-estetica","tag-memoria","post_format-post-format-gallery"],"_links":{"self":[{"href":"https:\/\/www.arteenboga.com.co\/la\/wp-json\/wp\/v2\/posts\/10804","targetHints":{"allow":["GET"]}}],"collection":[{"href":"https:\/\/www.arteenboga.com.co\/la\/wp-json\/wp\/v2\/posts"}],"about":[{"href":"https:\/\/www.arteenboga.com.co\/la\/wp-json\/wp\/v2\/types\/post"}],"author":[{"embeddable":true,"href":"https:\/\/www.arteenboga.com.co\/la\/wp-json\/wp\/v2\/users\/2"}],"replies":[{"embeddable":true,"href":"https:\/\/www.arteenboga.com.co\/la\/wp-json\/wp\/v2\/comments?post=10804"}],"version-history":[{"count":31,"href":"https:\/\/www.arteenboga.com.co\/la\/wp-json\/wp\/v2\/posts\/10804\/revisions"}],"predecessor-version":[{"id":11305,"href":"https:\/\/www.arteenboga.com.co\/la\/wp-json\/wp\/v2\/posts\/10804\/revisions\/11305"}],"wp:featuredmedia":[{"embeddable":true,"href":"https:\/\/www.arteenboga.com.co\/la\/wp-json\/wp\/v2\/media\/10863"}],"wp:attachment":[{"href":"https:\/\/www.arteenboga.com.co\/la\/wp-json\/wp\/v2\/media?parent=10804"}],"wp:term":[{"taxonomy":"category","embeddable":true,"href":"https:\/\/www.arteenboga.com.co\/la\/wp-json\/wp\/v2\/categories?post=10804"},{"taxonomy":"post_tag","embeddable":true,"href":"https:\/\/www.arteenboga.com.co\/la\/wp-json\/wp\/v2\/tags?post=10804"}],"curies":[{"name":"wp","href":"https:\/\/api.w.org\/{rel}","templated":true}]}}